{"id":32178,"date":"2020-12-28T09:42:16","date_gmt":"2020-12-28T12:42:16","guid":{"rendered":"http:\/\/www.almargenweb.com.ar\/web\/?p=32178"},"modified":"2020-12-28T09:42:17","modified_gmt":"2020-12-28T12:42:17","slug":"san-carlos-sud-cierran-2020-con-mejoras-en-plazas-y-parques-publicos","status":"publish","type":"post","link":"https:\/\/www.almargenweb.com.ar\/web\/san-carlos-sud-cierran-2020-con-mejoras-en-plazas-y-parques-publicos\/","title":{"rendered":"San Carlos Sud, cierran 2020 con mejoras en plazas y parques p\u00fablicos."},"content":{"rendered":"\n<p>San Carlos Sud cierra este a\u00f1o tan particular para todos, con la puesta a punto de plazas y parques de juegos. Esto incluye la incorporaci\u00f3n de nuevas hamacas destinadas a la primera infancia dise\u00f1adas para que puedan ser compartidas por padres e hijos.<\/p>\n\n\n\n<figure class=\"wp-block-image size-large\"><img loading=\"lazy\" decoding=\"async\" width=\"1024\" height=\"684\" src=\"https:\/\/www.almargenweb.com.ar\/web\/wp-content\/uploads\/2020\/12\/Screenshot_2020-12-28-09-37-49-553_com.android.chrome-01-1024x684.jpeg\" alt=\"\" class=\"wp-image-32181\" srcset=\"https:\/\/www.almargenweb.com.ar\/web\/wp-content\/uploads\/2020\/12\/Screenshot_2020-12-28-09-37-49-553_com.android.chrome-01-1024x684.jpeg 1024w, https:\/\/www.almargenweb.com.ar\/web\/wp-content\/uploads\/2020\/12\/Screenshot_2020-12-28-09-37-49-553_com.android.chrome-01-300x200.jpeg 300w, https:\/\/www.almargenweb.com.ar\/web\/wp-content\/uploads\/2020\/12\/Screenshot_2020-12-28-09-37-49-553_com.android.chrome-01-768x513.jpeg 768w, https:\/\/www.almargenweb.com.ar\/web\/wp-content\/uploads\/2020\/12\/Screenshot_2020-12-28-09-37-49-553_com.android.chrome-01.jpeg 1045w\" sizes=\"auto, (max-width: 1024px) 100vw, 1024px\" \/><figcaption>Incorporaci\u00f3n de nuevos juegos destinados a la primera infancia.<\/figcaption><\/figure>\n\n\n\n<p>Estos Nuevos entretenimientos se suman a la nueva luminaria en la &#8220;Plaza 27 de Septiembre&#8221; de la localidad sancarlina, forma parte del plan de mejoramiento de los espacios publico llevado adelante por la comuna de San Carlos Sud, en un a\u00f1o donde muchas de las obras pautadas debieron ponerse en pausa.<\/p>\n<!-- AddThis Advanced Settings generic via filter on the_content --><!-- AddThis Share Buttons generic via filter on the_content -->","protected":false},"excerpt":{"rendered":"<p>San Carlos Sud cierra este a\u00f1o tan particular para todos, con la puesta a punto de [&hellip;]<!-- AddThis Advanced Settings generic via filter on get_the_excerpt --><!-- AddThis Share Buttons generic via filter on get_the_excerpt --><\/p>\n","protected":false},"author":16,"featured_media":32180,"comment_status":"open","ping_status":"open","sticky":false,"template":"","format":"standard","meta":{"_seopress_robots_primary_cat":"none","_seopress_titles_title":"","_seopress_titles_desc":"","_seopress_robots_index":"","_themeisle_gutenberg_block_has_review":false,"footnotes":""},"categories":[2,21,24,29],"tags":[],"class_list":["post-32178","post","type-post","status-publish","format-standard","has-post-thumbnail","hentry","category-actualidad","category-las-colonias","category-obras-publicas","category-regionales"],"_links":{"self":[{"href":"https:\/\/www.almargenweb.com.ar\/web\/wp-json\/wp\/v2\/posts\/32178","targetHints":{"allow":["GET"]}}],"collection":[{"href":"https:\/\/www.almargenweb.com.ar\/web\/wp-json\/wp\/v2\/posts"}],"about":[{"href":"https:\/\/www.almargenweb.com.ar\/web\/wp-json\/wp\/v2\/types\/post"}],"author":[{"embeddable":true,"href":"https:\/\/www.almargenweb.com.ar\/web\/wp-json\/wp\/v2\/users\/16"}],"replies":[{"embeddable":true,"href":"https:\/\/www.almargenweb.com.ar\/web\/wp-json\/wp\/v2\/comments?post=32178"}],"version-history":[{"count":1,"href":"https:\/\/www.almargenweb.com.ar\/web\/wp-json\/wp\/v2\/posts\/32178\/revisions"}],"predecessor-version":[{"id":32182,"href":"https:\/\/www.almargenweb.com.ar\/web\/wp-json\/wp\/v2\/posts\/32178\/revisions\/32182"}],"wp:featuredmedia":[{"embeddable":true,"href":"https:\/\/www.almargenweb.com.ar\/web\/wp-json\/wp\/v2\/media\/32180"}],"wp:attachment":[{"href":"https:\/\/www.almargenweb.com.ar\/web\/wp-json\/wp\/v2\/media?parent=32178"}],"wp:term":[{"taxonomy":"category","embeddable":true,"href":"https:\/\/www.almargenweb.com.ar\/web\/wp-json\/wp\/v2\/categories?post=32178"},{"taxonomy":"post_tag","embeddable":true,"href":"https:\/\/www.almargenweb.com.ar\/web\/wp-json\/wp\/v2\/tags?post=32178"}],"curies":[{"name":"wp","href":"https:\/\/api.w.org\/{rel}","templated":true}]}}