{"id":32046,"date":"2020-12-24T09:14:43","date_gmt":"2020-12-24T12:14:43","guid":{"rendered":"http:\/\/www.almargenweb.com.ar\/web\/?p=32046"},"modified":"2020-12-24T09:14:44","modified_gmt":"2020-12-24T12:14:44","slug":"esperanza-tras-pedido-de-ucoes-ampliaron-horarios-de-atencion-para-comercios","status":"publish","type":"post","link":"https:\/\/www.almargenweb.com.ar\/web\/esperanza-tras-pedido-de-ucoes-ampliaron-horarios-de-atencion-para-comercios\/","title":{"rendered":"Esperanza: tras pedido de UCOES ampliaron horarios de atenci\u00f3n para comercios"},"content":{"rendered":"\n<p>Luego de varios reclamos formales por parte de la Uni\u00f3n de Comerciantes Esperancinos, por mayor amplitud horaria de trabajo comercial, el Municipio decidi\u00f3 acceder al pedido y mediante decreto extender los horarios de comercio dentro de la ciudad, en todos los rubros. <\/p>\n\n\n\n<p>Estas modificaciones tambien se extienden a los rubros gastronomicos, pudiendo permanecer abiertos, los fines de semana, hasta las 5.<\/p>\n\n\n\n<figure class=\"wp-block-image size-large\"><img loading=\"lazy\" decoding=\"async\" width=\"1024\" height=\"685\" src=\"https:\/\/www.almargenweb.com.ar\/web\/wp-content\/uploads\/2020\/12\/Diego-Baigorria-UCOES-1024x685.jpeg\" alt=\"\" class=\"wp-image-32049\" srcset=\"https:\/\/www.almargenweb.com.ar\/web\/wp-content\/uploads\/2020\/12\/Diego-Baigorria-UCOES-1024x685.jpeg 1024w, https:\/\/www.almargenweb.com.ar\/web\/wp-content\/uploads\/2020\/12\/Diego-Baigorria-UCOES-300x201.jpeg 300w, https:\/\/www.almargenweb.com.ar\/web\/wp-content\/uploads\/2020\/12\/Diego-Baigorria-UCOES-768x514.jpeg 768w, https:\/\/www.almargenweb.com.ar\/web\/wp-content\/uploads\/2020\/12\/Diego-Baigorria-UCOES.jpeg 1200w\" sizes=\"auto, (max-width: 1024px) 100vw, 1024px\" \/><figcaption>En charla con Al Margen web, Diego Baigorria, presidente de UCOES, explico la delicada situaci\u00f3n del sector en nuestra ciudad.<\/figcaption><\/figure>\n\n\n\n<p>Los nuevos horarios<\/p>\n\n\n\n<p>Seg\u00fan se desprende del articulado del decreto los comercios podr\u00e1n abrir sus puertas en los siguientes horarios: Comercios mayoristas y Minoristas: de lunes a s\u00e1bados de 8 a 22 horas. Comercios de cercan\u00eda (rubro alimentos) que sean atendidos por sus due\u00f1os y que no superen los ciento veinte (120) metros cuadrados de superficie: de lunes a domingos de 8 a 1 del d\u00eda siguiente horas. Otros comercios minoristas que sean atendidos por sus due\u00f1os y que no superen los ciento veinte (120) metros cuadrados de superficie: de lunes a domingos de 8 a 22 horas<\/p>\n\n\n\n<figure class=\"wp-block-image size-large\"><img loading=\"lazy\" decoding=\"async\" width=\"1024\" height=\"670\" src=\"https:\/\/www.almargenweb.com.ar\/web\/wp-content\/uploads\/2020\/12\/83421786_828852147587939_6516767491023817621_n-1024x670-1.jpg\" alt=\"\" class=\"wp-image-32050\" srcset=\"https:\/\/www.almargenweb.com.ar\/web\/wp-content\/uploads\/2020\/12\/83421786_828852147587939_6516767491023817621_n-1024x670-1.jpg 1024w, https:\/\/www.almargenweb.com.ar\/web\/wp-content\/uploads\/2020\/12\/83421786_828852147587939_6516767491023817621_n-1024x670-1-300x196.jpg 300w, https:\/\/www.almargenweb.com.ar\/web\/wp-content\/uploads\/2020\/12\/83421786_828852147587939_6516767491023817621_n-1024x670-1-768x503.jpg 768w\" sizes=\"auto, (max-width: 1024px) 100vw, 1024px\" \/><figcaption>Bares y gastron\u00f3micos, podr\u00e1n permanecer abiertos hasta las 5, trat\u00e1ndose de los fines de semana.<\/figcaption><\/figure>\n\n\n\n<p>Inmobiliarias, Peluquer\u00edas, Manicuras, Pod\u00f3logos, Cosm\u00e9ticas, Profesiones Liberales (incluidos mandatarios, corredores y martilleros), Sindicatos, Entidades Gremiales Empresarias, Obras Sociales, Administraci\u00f3n de entidades deportivas y de Universidades: de lunes a s\u00e1bados de 8 a 22 horas.<\/p>\n\n\n\n<p>Actividades de elaboraci\u00f3n y venta de productos de panificaci\u00f3n: de lunes a s\u00e1bados de 5 a 22 horas. Actividades deportivas y art\u00edsticas: de lunes a domingos de 6 a 1 del d\u00eda siguiente. Desde los 12 a\u00f1os. Agencias de quiniela: de lunes a s\u00e1bados de 8 a 22 horas.<\/p>\n\n\n\n<p>Farmacias y estaciones de servicio: quedan exceptuadas del cumplimiento de los horarios dispuestos.<\/p>\n\n\n\n<figure class=\"wp-block-image size-large is-resized\"><img loading=\"lazy\" decoding=\"async\" src=\"https:\/\/www.almargenweb.com.ar\/web\/wp-content\/uploads\/2020\/12\/descarga-8.jpeg\" alt=\"\" class=\"wp-image-32051\" width=\"579\" height=\"325\"\/><figcaption>Farmacias y estaciones de servicio quedan exceptuadas del decreto municipal.<\/figcaption><\/figure>\n\n\n\n<p>Bares y restaurantes: Horario de Apertura 7 AM todos los d\u00edas. El horario de cierre de domingo a mi\u00e9rcoles es de 1 horas del d\u00eda siguiente para el ingreso de clientes, debiendo cesar toda actividad a las 2 horas. El horario de cierre de jueves a s\u00e1bado y v\u00edsperas de feriados\/d\u00edas no laborables es de 4 AM para el ingreso de clientes, debiendo cesar toda actividad a las 5 AM.<\/p>\n\n\n\n<p>Expendio de helados de lunes a domingos de 7 a 2 horas. Servicios de Delivery de Alimentos: hasta las 1 AM. Jardines maternales de gesti\u00f3n privada de lunes a domingos de 7 a 21 horas. Colonias de vacaciones y Talleres de verano de lunes a domingos de 7 a 21 horas.<\/p>\n\n\n\n<p><\/p>\n<!-- AddThis Advanced Settings generic via filter on the_content --><!-- AddThis Share Buttons generic via filter on the_content -->","protected":false},"excerpt":{"rendered":"<p>Luego de varios reclamos formales por parte de la Uni\u00f3n de Comerciantes Esperancinos, por mayor amplitud [&hellip;]<!-- AddThis Advanced Settings generic via filter on get_the_excerpt --><!-- AddThis Share Buttons generic via filter on get_the_excerpt --><\/p>\n","protected":false},"author":16,"featured_media":32048,"comment_status":"open","ping_status":"open","sticky":false,"template":"","format":"standard","meta":{"_seopress_robots_primary_cat":"none","_seopress_titles_title":"","_seopress_titles_desc":"","_seopress_robots_index":"","_themeisle_gutenberg_block_has_review":false,"footnotes":""},"categories":[2,5,21,47,15],"tags":[],"class_list":["post-32046","post","type-post","status-publish","format-standard","has-post-thumbnail","hentry","category-actualidad","category-economia","category-las-colonias","category-locales","category-salud"],"_links":{"self":[{"href":"https:\/\/www.almargenweb.com.ar\/web\/wp-json\/wp\/v2\/posts\/32046","targetHints":{"allow":["GET"]}}],"collection":[{"href":"https:\/\/www.almargenweb.com.ar\/web\/wp-json\/wp\/v2\/posts"}],"about":[{"href":"https:\/\/www.almargenweb.com.ar\/web\/wp-json\/wp\/v2\/types\/post"}],"author":[{"embeddable":true,"href":"https:\/\/www.almargenweb.com.ar\/web\/wp-json\/wp\/v2\/users\/16"}],"replies":[{"embeddable":true,"href":"https:\/\/www.almargenweb.com.ar\/web\/wp-json\/wp\/v2\/comments?post=32046"}],"version-history":[{"count":1,"href":"https:\/\/www.almargenweb.com.ar\/web\/wp-json\/wp\/v2\/posts\/32046\/revisions"}],"predecessor-version":[{"id":32052,"href":"https:\/\/www.almargenweb.com.ar\/web\/wp-json\/wp\/v2\/posts\/32046\/revisions\/32052"}],"wp:featuredmedia":[{"embeddable":true,"href":"https:\/\/www.almargenweb.com.ar\/web\/wp-json\/wp\/v2\/media\/32048"}],"wp:attachment":[{"href":"https:\/\/www.almargenweb.com.ar\/web\/wp-json\/wp\/v2\/media?parent=32046"}],"wp:term":[{"taxonomy":"category","embeddable":true,"href":"https:\/\/www.almargenweb.com.ar\/web\/wp-json\/wp\/v2\/categories?post=32046"},{"taxonomy":"post_tag","embeddable":true,"href":"https:\/\/www.almargenweb.com.ar\/web\/wp-json\/wp\/v2\/tags?post=32046"}],"curies":[{"name":"wp","href":"https:\/\/api.w.org\/{rel}","templated":true}]}}