{"id":32016,"date":"2020-12-23T18:45:00","date_gmt":"2020-12-23T21:45:00","guid":{"rendered":"http:\/\/www.almargenweb.com.ar\/web\/?p=32016"},"modified":"2020-12-23T16:13:16","modified_gmt":"2020-12-23T19:13:16","slug":"genero-quien-fue-alicia-moreau-de-justo","status":"publish","type":"post","link":"https:\/\/www.almargenweb.com.ar\/web\/genero-quien-fue-alicia-moreau-de-justo\/","title":{"rendered":"G\u00e9nero; qui\u00e9n fue Alicia Moreau de Justo?"},"content":{"rendered":"\n<p>Alicia naci\u00f3 en Londres en 1885 y muri\u00f3 en Buenos Aires en 1986 durante el Gobierno de Ra\u00fal Alfons\u00edn, con quien ten\u00eda una relaci\u00f3n de mutuo afecto y respeto. Luchadora incansable milit\u00f3 hasta su \u00faltimo d\u00eda de vida; vivi\u00f3 100 a\u00f1os y no dej\u00f3 pasar uno solo sin querer darlo vuelta todo.<\/p>\n\n\n\n<p>Ella y su familia llegaron al pa\u00eds gracias a su padre Armand Moreau, de origen franc\u00e9s, que tuvo que exiliarse de Par\u00eds por haber intervenido en el movimiento insurreccional conocido como la Comuna de Par\u00eds, en 1871. Luego de recorrer varios pa\u00edses europeos se instalaron en Argentina en 1890.<\/p>\n\n\n\n<figure class=\"wp-block-image size-large\"><img loading=\"lazy\" decoding=\"async\" width=\"822\" height=\"460\" src=\"https:\/\/www.almargenweb.com.ar\/web\/wp-content\/uploads\/2020\/12\/5ec56a794d7dd__822x460.jpg\" alt=\"\" class=\"wp-image-32018\" srcset=\"https:\/\/www.almargenweb.com.ar\/web\/wp-content\/uploads\/2020\/12\/5ec56a794d7dd__822x460.jpg 822w, https:\/\/www.almargenweb.com.ar\/web\/wp-content\/uploads\/2020\/12\/5ec56a794d7dd__822x460-300x168.jpg 300w, https:\/\/www.almargenweb.com.ar\/web\/wp-content\/uploads\/2020\/12\/5ec56a794d7dd__822x460-768x430.jpg 768w\" sizes=\"auto, (max-width: 822px) 100vw, 822px\" \/><figcaption>Junto a Raul Alfonsin, con quien tenia una relaci\u00f3n amistosa forjada desde el intelecto humano.<\/figcaption><\/figure>\n\n\n\n<p>En 1906, particip\u00f3 del Congreso Nacional del Libre Pensamiento, donde dicen conoci\u00f3 a Juan B. Justo, y al a\u00f1o siguiente intervino en el Congreso Feminista del Comit\u00e9 Pro-Sufragio Femenino. En 1907 ingres\u00f3 a la Facultad de Medicina de la Universidad de Buenos Aires, gradu\u00e1ndose en 1914, con diploma de honor. Fue la segunda mujer m\u00e9dica del pa\u00eds.<\/p>\n\n\n\n<figure class=\"wp-block-image size-large\"><img loading=\"lazy\" decoding=\"async\" width=\"789\" height=\"579\" src=\"https:\/\/www.almargenweb.com.ar\/web\/wp-content\/uploads\/2020\/12\/alicia.jpg_1683516340.jpg\" alt=\"\" class=\"wp-image-32019\" srcset=\"https:\/\/www.almargenweb.com.ar\/web\/wp-content\/uploads\/2020\/12\/alicia.jpg_1683516340.jpg 789w, https:\/\/www.almargenweb.com.ar\/web\/wp-content\/uploads\/2020\/12\/alicia.jpg_1683516340-300x220.jpg 300w, https:\/\/www.almargenweb.com.ar\/web\/wp-content\/uploads\/2020\/12\/alicia.jpg_1683516340-768x564.jpg 768w\" sizes=\"auto, (max-width: 789px) 100vw, 789px\" \/><figcaption>Fue m\u00e9dica y tenia pasi\u00f3n por la literatura, un gran sentido por la militancia feminista, desde cuando el termino era desconocido.<\/figcaption><\/figure>\n\n\n\n<p>En 1918 fund\u00f3 la Uni\u00f3n Feminista Nacional a la que adhirieron, entre otras, la poetisa Alfonsina Storni y la m\u00e9dica Elvira Rawson. En 1919 particip\u00f3 como delegada en el Congreso Internacional de Obreras que se reuni\u00f3 en Washington, donde tom\u00f3 contacto con las sufragistas norteamericanas. La causa del sufragio femenino fue una de las que m\u00e1s milit\u00f3.<\/p>\n\n\n\n<figure class=\"wp-block-image size-large\"><img loading=\"lazy\" decoding=\"async\" width=\"724\" height=\"1024\" src=\"https:\/\/www.almargenweb.com.ar\/web\/wp-content\/uploads\/2020\/12\/alicia_militancia.jpg_449914187-724x1024.jpg\" alt=\"\" class=\"wp-image-32020\" srcset=\"https:\/\/www.almargenweb.com.ar\/web\/wp-content\/uploads\/2020\/12\/alicia_militancia.jpg_449914187-724x1024.jpg 724w, https:\/\/www.almargenweb.com.ar\/web\/wp-content\/uploads\/2020\/12\/alicia_militancia.jpg_449914187-212x300.jpg 212w, https:\/\/www.almargenweb.com.ar\/web\/wp-content\/uploads\/2020\/12\/alicia_militancia.jpg_449914187-768x1086.jpg 768w, https:\/\/www.almargenweb.com.ar\/web\/wp-content\/uploads\/2020\/12\/alicia_militancia.jpg_449914187.jpg 800w\" sizes=\"auto, (max-width: 724px) 100vw, 724px\" \/><figcaption>Su \u00e9poca de militancia en el pa\u00eds coincide con el ultimo golpe c\u00edvico militar, al cual enfrento muchas veces, protegida, de alguna manera, por su apellido.<\/figcaption><\/figure>\n\n\n\n<p>Alicia Moreu conoc\u00eda a Juan B. Justo desde joven, pero no fue hasta 1921, cuando ella finalmente se afili\u00f3 al Partido Socialista, que se casaron y tuvieron tres hijos. \u201cAlgunos dicen que no se cas\u00f3, otros que s\u00ed, de todos modos era lo suficientemente independiente para hacer lo que quer\u00eda\u201d, dice su amiga. Justo muri\u00f3 muy pronto, en 1928 y ella se qued\u00f3 con sus tres hijos a quienes tuvo que criar y sostener sola, en una \u00e9poca dif\u00edcil para las mujeres.<\/p>\n\n\n\n<figure class=\"wp-block-image size-large\"><img loading=\"lazy\" decoding=\"async\" width=\"786\" height=\"786\" src=\"https:\/\/www.almargenweb.com.ar\/web\/wp-content\/uploads\/2020\/12\/alicia_moreau.jpg_1213236391.jpg\" alt=\"\" class=\"wp-image-32021\" srcset=\"https:\/\/www.almargenweb.com.ar\/web\/wp-content\/uploads\/2020\/12\/alicia_moreau.jpg_1213236391.jpg 786w, https:\/\/www.almargenweb.com.ar\/web\/wp-content\/uploads\/2020\/12\/alicia_moreau.jpg_1213236391-300x300.jpg 300w, https:\/\/www.almargenweb.com.ar\/web\/wp-content\/uploads\/2020\/12\/alicia_moreau.jpg_1213236391-150x150.jpg 150w, https:\/\/www.almargenweb.com.ar\/web\/wp-content\/uploads\/2020\/12\/alicia_moreau.jpg_1213236391-768x768.jpg 768w\" sizes=\"auto, (max-width: 786px) 100vw, 786px\" \/><figcaption>En 1910 fundo el Ateneo de Mujeres, que publicaba obras escritas por mujeres de clase trabajadora.<\/figcaption><\/figure>\n\n\n\n<p>Apasionada por la literatura, adem\u00e1s de publicar dos libros fund\u00f3 en 1910, con solo 25 a\u00f1os, el Ateneo de Mujeres que realizaba publicaciones de avanzada para la \u00e9poca para mujeres de clases populares. Adem\u00e1s, public\u00f3 varios art\u00edculos sobre educaci\u00f3n y pol\u00edtica en la Revista Socialista Internacional, en la cual participaban otras revolucionarias como Rosa Luxemburgo y Clara Zetkin. A\u00f1os m\u00e1s tarde, en 1958 fue designada directora de La Vanguardia, uno de los peri\u00f3dicos m\u00e1s influyentes del siglo XX en Argentina.<\/p>\n\n\n\n<figure class=\"wp-block-image size-large\"><img loading=\"lazy\" decoding=\"async\" width=\"1024\" height=\"606\" src=\"https:\/\/www.almargenweb.com.ar\/web\/wp-content\/uploads\/2020\/12\/voto-femenino-eva-peron-1024x606.jpg\" alt=\"\" class=\"wp-image-32022\" srcset=\"https:\/\/www.almargenweb.com.ar\/web\/wp-content\/uploads\/2020\/12\/voto-femenino-eva-peron-1024x606.jpg 1024w, https:\/\/www.almargenweb.com.ar\/web\/wp-content\/uploads\/2020\/12\/voto-femenino-eva-peron-300x178.jpg 300w, https:\/\/www.almargenweb.com.ar\/web\/wp-content\/uploads\/2020\/12\/voto-femenino-eva-peron-768x455.jpg 768w, https:\/\/www.almargenweb.com.ar\/web\/wp-content\/uploads\/2020\/12\/voto-femenino-eva-peron.jpg 1140w\" sizes=\"auto, (max-width: 1024px) 100vw, 1024px\" \/><figcaption>Defensora del sufragio femenino y f\u00e9rrea antiperonista, participo del derrocamiento a Per\u00f3n, en 1953<\/figcaption><\/figure>\n\n\n\n<p>En 1932 prepar\u00f3 un proyecto sobre voto femenino, que fue aprobado en la C\u00e1mara de Diputados y rechazado por la de Senadores. L\u00edder del Socialismo nacional fue opositora al peronismo, tanto que en 1953 fue encarcelada junto con otros dirigentes pol\u00edticos. En 1955 fue designada miembro de la Junta Consultiva creada por el gobierno que derroc\u00f3 a Per\u00f3n.<\/p>\n\n\n\n<figure class=\"wp-block-image size-large\"><img loading=\"lazy\" decoding=\"async\" width=\"1024\" height=\"657\" src=\"https:\/\/www.almargenweb.com.ar\/web\/wp-content\/uploads\/2020\/12\/aliciamoreau-google-1140x658_3.jpg_1018157520-1024x657.jpg\" alt=\"\" class=\"wp-image-32023\" srcset=\"https:\/\/www.almargenweb.com.ar\/web\/wp-content\/uploads\/2020\/12\/aliciamoreau-google-1140x658_3.jpg_1018157520-1024x657.jpg 1024w, https:\/\/www.almargenweb.com.ar\/web\/wp-content\/uploads\/2020\/12\/aliciamoreau-google-1140x658_3.jpg_1018157520-300x193.jpg 300w, https:\/\/www.almargenweb.com.ar\/web\/wp-content\/uploads\/2020\/12\/aliciamoreau-google-1140x658_3.jpg_1018157520-768x493.jpg 768w, https:\/\/www.almargenweb.com.ar\/web\/wp-content\/uploads\/2020\/12\/aliciamoreau-google-1140x658_3.jpg_1018157520.jpg 1200w\" sizes=\"auto, (max-width: 1024px) 100vw, 1024px\" \/><figcaption>Cultura pop; hoy d\u00eda, la figura de Alicia Moreau de Justo se volvi\u00f3 un s\u00edmbolo en la lucha del movimiento fefimista. <\/figcaption><\/figure>\n\n\n\n<p>Muri\u00f3 el 12 de mayo de 1986 mientras dorm\u00eda, tras pasar 100 a\u00f1os en este mundo que muchas veces es injusto y cruel pero que gracias a su trabajo es sin lugar a dudas un lugar mejor. Dicen los que la conocieron que ella quer\u00eda que en su epitafio estuviera la siguiente frase: \u201cAqu\u00ed yace una gran luchadora contra molinos de viento\u201d.<\/p>\n<!-- AddThis Advanced Settings generic via filter on the_content --><!-- AddThis Share Buttons generic via filter on the_content -->","protected":false},"excerpt":{"rendered":"<p>Alicia naci\u00f3 en Londres en 1885 y muri\u00f3 en Buenos Aires en 1986 durante el Gobierno [&hellip;]<!-- AddThis Advanced Settings generic via filter on get_the_excerpt --><!-- AddThis Share Buttons generic via filter on get_the_excerpt --><\/p>\n","protected":false},"author":16,"featured_media":32023,"comment_status":"open","ping_status":"open","sticky":false,"template":"","format":"standard","meta":{"_seopress_robots_primary_cat":"none","_seopress_titles_title":"","_seopress_titles_desc":"","_seopress_robots_index":"","_themeisle_gutenberg_block_has_review":false,"footnotes":""},"categories":[3,19,9],"tags":[],"class_list":["post-32016","post","type-post","status-publish","format-standard","has-post-thumbnail","hentry","category-cultura","category-educacion","category-politica"],"_links":{"self":[{"href":"https:\/\/www.almargenweb.com.ar\/web\/wp-json\/wp\/v2\/posts\/32016","targetHints":{"allow":["GET"]}}],"collection":[{"href":"https:\/\/www.almargenweb.com.ar\/web\/wp-json\/wp\/v2\/posts"}],"about":[{"href":"https:\/\/www.almargenweb.com.ar\/web\/wp-json\/wp\/v2\/types\/post"}],"author":[{"embeddable":true,"href":"https:\/\/www.almargenweb.com.ar\/web\/wp-json\/wp\/v2\/users\/16"}],"replies":[{"embeddable":true,"href":"https:\/\/www.almargenweb.com.ar\/web\/wp-json\/wp\/v2\/comments?post=32016"}],"version-history":[{"count":1,"href":"https:\/\/www.almargenweb.com.ar\/web\/wp-json\/wp\/v2\/posts\/32016\/revisions"}],"predecessor-version":[{"id":32024,"href":"https:\/\/www.almargenweb.com.ar\/web\/wp-json\/wp\/v2\/posts\/32016\/revisions\/32024"}],"wp:featuredmedia":[{"embeddable":true,"href":"https:\/\/www.almargenweb.com.ar\/web\/wp-json\/wp\/v2\/media\/32023"}],"wp:attachment":[{"href":"https:\/\/www.almargenweb.com.ar\/web\/wp-json\/wp\/v2\/media?parent=32016"}],"wp:term":[{"taxonomy":"category","embeddable":true,"href":"https:\/\/www.almargenweb.com.ar\/web\/wp-json\/wp\/v2\/categories?post=32016"},{"taxonomy":"post_tag","embeddable":true,"href":"https:\/\/www.almargenweb.com.ar\/web\/wp-json\/wp\/v2\/tags?post=32016"}],"curies":[{"name":"wp","href":"https:\/\/api.w.org\/{rel}","templated":true}]}}