{"id":31967,"date":"2020-12-22T09:09:05","date_gmt":"2020-12-22T12:09:05","guid":{"rendered":"http:\/\/www.almargenweb.com.ar\/web\/?p=31967"},"modified":"2020-12-22T09:22:22","modified_gmt":"2020-12-22T12:22:22","slug":"cerraron-preventivamente-la-sede-del-banco-nacion-en-esperanza","status":"publish","type":"post","link":"https:\/\/www.almargenweb.com.ar\/web\/cerraron-preventivamente-la-sede-del-banco-nacion-en-esperanza\/","title":{"rendered":"Cerraron preventivamente la sede del Banco Naci\u00f3n en Esperanza"},"content":{"rendered":"\n<p>El Banco Naci\u00f3n ubicado en la esquina de Belgrano 2100, cerr\u00f3 sus puertas este lunes debido a casos sospechosos de coronavirus. Seg\u00fan indicaron desde la sede, no se atendi\u00f3 al p\u00fablico como medida preventiva.<\/p>\n\n\n\n<p>Desde la gerencia bancaria, se\u00f1alaron que: &#8220;se conoci\u00f3 que unos cuatro empleados del Banco Naci\u00f3n sucursal Esperanza, contrajeron coronavirus o presentan s\u00edntomas de esa enfermedad y por lo tanto se dispuso el cierre de la sede por prevenci\u00f3n&#8221;.<\/p>\n\n\n\n<figure class=\"wp-block-image size-large\"><img loading=\"lazy\" decoding=\"async\" width=\"800\" height=\"450\" src=\"https:\/\/www.almargenweb.com.ar\/web\/wp-content\/uploads\/2020\/12\/490821.jpg\" alt=\"\" class=\"wp-image-31970\" srcset=\"https:\/\/www.almargenweb.com.ar\/web\/wp-content\/uploads\/2020\/12\/490821.jpg 800w, https:\/\/www.almargenweb.com.ar\/web\/wp-content\/uploads\/2020\/12\/490821-300x169.jpg 300w, https:\/\/www.almargenweb.com.ar\/web\/wp-content\/uploads\/2020\/12\/490821-768x432.jpg 768w\" sizes=\"auto, (max-width: 800px) 100vw, 800px\" \/><figcaption>Banco sin banca; desde la gerencia regional se\u00f1alaron que &#8220;el banco no esta operativo&#8221;. En principio esta medida seria viable hasta el lunes pr\u00f3ximo.<\/figcaption><\/figure>\n\n\n\n<p>\u201cEl Banco Naci\u00f3n no est\u00e1 operativo y no va a haber posibilidades de hacer diligencias, pero se van a mantener los servicios esenciales, como la carga de los cajeros que no va a estar en riesgo de que se quede sin dinero\u201d, aclararon desde la gerencia regional de la instituci\u00f3n.<\/p>\n\n\n\n<p><\/p>\n<!-- AddThis Advanced Settings generic via filter on the_content --><!-- AddThis Share Buttons generic via filter on the_content -->","protected":false},"excerpt":{"rendered":"<p>El Banco Naci\u00f3n ubicado en la esquina de Belgrano 2100, cerr\u00f3 sus puertas este lunes debido [&hellip;]<!-- AddThis Advanced Settings generic via filter on get_the_excerpt --><!-- AddThis Share Buttons generic via filter on get_the_excerpt --><\/p>\n","protected":false},"author":16,"featured_media":31969,"comment_status":"open","ping_status":"open","sticky":false,"template":"","format":"standard","meta":{"_seopress_robots_primary_cat":"none","_seopress_titles_title":"","_seopress_titles_desc":"","_seopress_robots_index":"","_themeisle_gutenberg_block_has_review":false,"footnotes":""},"categories":[2,21,47,29,15],"tags":[],"class_list":["post-31967","post","type-post","status-publish","format-standard","has-post-thumbnail","hentry","category-actualidad","category-las-colonias","category-locales","category-regionales","category-salud"],"_links":{"self":[{"href":"https:\/\/www.almargenweb.com.ar\/web\/wp-json\/wp\/v2\/posts\/31967","targetHints":{"allow":["GET"]}}],"collection":[{"href":"https:\/\/www.almargenweb.com.ar\/web\/wp-json\/wp\/v2\/posts"}],"about":[{"href":"https:\/\/www.almargenweb.com.ar\/web\/wp-json\/wp\/v2\/types\/post"}],"author":[{"embeddable":true,"href":"https:\/\/www.almargenweb.com.ar\/web\/wp-json\/wp\/v2\/users\/16"}],"replies":[{"embeddable":true,"href":"https:\/\/www.almargenweb.com.ar\/web\/wp-json\/wp\/v2\/comments?post=31967"}],"version-history":[{"count":2,"href":"https:\/\/www.almargenweb.com.ar\/web\/wp-json\/wp\/v2\/posts\/31967\/revisions"}],"predecessor-version":[{"id":31972,"href":"https:\/\/www.almargenweb.com.ar\/web\/wp-json\/wp\/v2\/posts\/31967\/revisions\/31972"}],"wp:featuredmedia":[{"embeddable":true,"href":"https:\/\/www.almargenweb.com.ar\/web\/wp-json\/wp\/v2\/media\/31969"}],"wp:attachment":[{"href":"https:\/\/www.almargenweb.com.ar\/web\/wp-json\/wp\/v2\/media?parent=31967"}],"wp:term":[{"taxonomy":"category","embeddable":true,"href":"https:\/\/www.almargenweb.com.ar\/web\/wp-json\/wp\/v2\/categories?post=31967"},{"taxonomy":"post_tag","embeddable":true,"href":"https:\/\/www.almargenweb.com.ar\/web\/wp-json\/wp\/v2\/tags?post=31967"}],"curies":[{"name":"wp","href":"https:\/\/api.w.org\/{rel}","templated":true}]}}