{"id":31960,"date":"2020-12-22T08:19:44","date_gmt":"2020-12-22T11:19:44","guid":{"rendered":"http:\/\/www.almargenweb.com.ar\/web\/?p=31960"},"modified":"2020-12-22T08:40:40","modified_gmt":"2020-12-22T11:40:40","slug":"jimena-senn-en-un-ano-con-muchas-dificultades-trabajamos-juntos-porque-ese-es-el-camino-para-salir-adelante","status":"publish","type":"post","link":"https:\/\/www.almargenweb.com.ar\/web\/jimena-senn-en-un-ano-con-muchas-dificultades-trabajamos-juntos-porque-ese-es-el-camino-para-salir-adelante\/","title":{"rendered":"Jimena Senn: \u201cEn un a\u00f1o con muchas dificultades, trabajamos juntos porque ese es el camino para salir adelante\u201d"},"content":{"rendered":"\n<p>La diputada provincial, Jimena Senn, realiz\u00f3 un balance de su trabajo legislativo durante el a\u00f1o 2020 y destac\u00f3 que \u201cen un a\u00f1o con muchas dificultades aprendimos a trabajar juntos y \u00e9se es el camino para salir adelante\u201d.<\/p>\n\n\n\n<p>\u201cEl a\u00f1o estuvo marcado por la pandemia que atraves\u00f3 a toda la sociedad y, desde la Legislatura, trabajamos en brindar respuestas r\u00e1pidas y concretas para acompa\u00f1ar a los sectores m\u00e1s afectados\u201d. En ese sentido, Senn celebr\u00f3 que \u201cse haya aprobado el proyecto de m\u00ed autor\u00eda que declar\u00f3 la Emergencia Provincial del sector tur\u00edstico, hotelero, gastron\u00f3mico y otros y le brinda herramientas al Poder Ejecutivo provincial para asistir econ\u00f3mica y financieramente a las empresas del sector para que puedan reactivar y reconvertir sus actividades\u201d.<\/p>\n\n\n\n<p>Por otra parte, la diputada se refiri\u00f3 al \u201cPrograma de Regulaci\u00f3n de Precios para Cel\u00edacos y la creaci\u00f3n del Juzgado Laboral para el departamento Las Colonias. Ambos proyectos propios fueron aprobados por la C\u00e1mara de Diputados\u201d.<\/p>\n\n\n\n<p>\u201cEl trabajo en el territorio y el v\u00ednculo constante con los municipios, comunas e instituciones es fundamental porque nos permite conocer las distintas realidades para luego llevar adelante pol\u00edticas que brinden soluciones, promuevan cambios, acompa\u00f1en el crecimiento, entre otros\u201d.<\/p>\n\n\n\n<figure class=\"wp-block-image size-large\"><img loading=\"lazy\" decoding=\"async\" width=\"1000\" height=\"666\" src=\"https:\/\/www.almargenweb.com.ar\/web\/wp-content\/uploads\/2020\/12\/multimedia.normal.a635647a7bec6d6a.30503141333839345f6e6f726d616c2e4a5047.jpeg\" alt=\"\" class=\"wp-image-31963\" srcset=\"https:\/\/www.almargenweb.com.ar\/web\/wp-content\/uploads\/2020\/12\/multimedia.normal.a635647a7bec6d6a.30503141333839345f6e6f726d616c2e4a5047.jpeg 1000w, https:\/\/www.almargenweb.com.ar\/web\/wp-content\/uploads\/2020\/12\/multimedia.normal.a635647a7bec6d6a.30503141333839345f6e6f726d616c2e4a5047-300x200.jpeg 300w, https:\/\/www.almargenweb.com.ar\/web\/wp-content\/uploads\/2020\/12\/multimedia.normal.a635647a7bec6d6a.30503141333839345f6e6f726d616c2e4a5047-768x511.jpeg 768w\" sizes=\"auto, (max-width: 1000px) 100vw, 1000px\" \/><figcaption>Senn hizo un balance de su trabajo legislativo durante el 2020, donde sus prioridades fueron la salud, la educaci\u00f3n y el acompa\u00f1amiento a municipios, comunas, instituciones y sectores productivos.<\/figcaption><\/figure>\n\n\n\n<p>\u201cLas restricciones por la pandemia nos limitaron muchas de las acciones que ten\u00edamos pensadas en este sentido y nos obligaron a buscar distintas alternativas para estar presentes y brindar el apoyo a los distintos sectores de la sociedad. Es por eso que agradezco a todos los legisladores, intendentes, presidentes comunales, concejales y representantes de instituciones intermedias que nos acompa\u00f1aron a lo largo del a\u00f1o\u201d, a\u00f1adi\u00f3 Senn.<\/p>\n\n\n\n<p>Finalmente, la diputada envi\u00f3 un mensaje para los ciudadanos y ciudadanas de la provincia: \u201cEn estas fiestas, brindemos para que se renueven la esperanza, la paz y la solidaridad en cada uno de nosotros y que eso nos impulse a seguir proyectando y construyendo una sociedad con salud, educaci\u00f3n, seguridad y m\u00e1s oportunidades para todos\u201d.<\/p>\n<!-- AddThis Advanced Settings generic via filter on the_content --><!-- AddThis Share Buttons generic via filter on the_content -->","protected":false},"excerpt":{"rendered":"<p>La diputada provincial, Jimena Senn, realiz\u00f3 un balance de su trabajo legislativo durante el a\u00f1o 2020 [&hellip;]<!-- AddThis Advanced Settings generic via filter on get_the_excerpt --><!-- AddThis Share Buttons generic via filter on get_the_excerpt --><\/p>\n","protected":false},"author":16,"featured_media":31962,"comment_status":"open","ping_status":"open","sticky":false,"template":"","format":"standard","meta":{"_seopress_robots_primary_cat":"none","_seopress_titles_title":"","_seopress_titles_desc":"","_seopress_robots_index":"","_themeisle_gutenberg_block_has_review":false,"footnotes":""},"categories":[2,21,9,29],"tags":[],"class_list":["post-31960","post","type-post","status-publish","format-standard","has-post-thumbnail","hentry","category-actualidad","category-las-colonias","category-politica","category-regionales"],"_links":{"self":[{"href":"https:\/\/www.almargenweb.com.ar\/web\/wp-json\/wp\/v2\/posts\/31960","targetHints":{"allow":["GET"]}}],"collection":[{"href":"https:\/\/www.almargenweb.com.ar\/web\/wp-json\/wp\/v2\/posts"}],"about":[{"href":"https:\/\/www.almargenweb.com.ar\/web\/wp-json\/wp\/v2\/types\/post"}],"author":[{"embeddable":true,"href":"https:\/\/www.almargenweb.com.ar\/web\/wp-json\/wp\/v2\/users\/16"}],"replies":[{"embeddable":true,"href":"https:\/\/www.almargenweb.com.ar\/web\/wp-json\/wp\/v2\/comments?post=31960"}],"version-history":[{"count":2,"href":"https:\/\/www.almargenweb.com.ar\/web\/wp-json\/wp\/v2\/posts\/31960\/revisions"}],"predecessor-version":[{"id":31965,"href":"https:\/\/www.almargenweb.com.ar\/web\/wp-json\/wp\/v2\/posts\/31960\/revisions\/31965"}],"wp:featuredmedia":[{"embeddable":true,"href":"https:\/\/www.almargenweb.com.ar\/web\/wp-json\/wp\/v2\/media\/31962"}],"wp:attachment":[{"href":"https:\/\/www.almargenweb.com.ar\/web\/wp-json\/wp\/v2\/media?parent=31960"}],"wp:term":[{"taxonomy":"category","embeddable":true,"href":"https:\/\/www.almargenweb.com.ar\/web\/wp-json\/wp\/v2\/categories?post=31960"},{"taxonomy":"post_tag","embeddable":true,"href":"https:\/\/www.almargenweb.com.ar\/web\/wp-json\/wp\/v2\/tags?post=31960"}],"curies":[{"name":"wp","href":"https:\/\/api.w.org\/{rel}","templated":true}]}}