{"id":31948,"date":"2020-12-21T16:01:22","date_gmt":"2020-12-21T19:01:22","guid":{"rendered":"http:\/\/www.almargenweb.com.ar\/web\/?p=31948"},"modified":"2020-12-21T16:01:23","modified_gmt":"2020-12-21T19:01:23","slug":"san-carlos-sud-anuncio-medidas-estivales-para-combatir-aedes-aegypti-transmisor-del-dengue","status":"publish","type":"post","link":"https:\/\/www.almargenweb.com.ar\/web\/san-carlos-sud-anuncio-medidas-estivales-para-combatir-aedes-aegypti-transmisor-del-dengue\/","title":{"rendered":"San Carlos Sud anuncio medidas estivales para combatir Aedes aegypti, transmisor del Dengue"},"content":{"rendered":"\n<p>En el marco del programa de lucha contra el dengue, la comuna de San carlos Sud, informo que sobre las nuevas medidas de control del mosquito Aedes aegypti, como complemento a las tareas de descacharrado, desmalezado, y eliminacion de fuentes de agua estancada. tareas que todos podemos realizar con el fin de protegernos de esta enfermedad caracter\u00edstica de \u00e9pocas estivales.<\/p>\n\n\n\n<figure class=\"wp-block-image size-large\"><img loading=\"lazy\" decoding=\"async\" width=\"1024\" height=\"576\" src=\"https:\/\/www.almargenweb.com.ar\/web\/wp-content\/uploads\/2020\/12\/descacharrado-2-1024x576.jpg\" alt=\"\" class=\"wp-image-31952\" srcset=\"https:\/\/www.almargenweb.com.ar\/web\/wp-content\/uploads\/2020\/12\/descacharrado-2-1024x576.jpg 1024w, https:\/\/www.almargenweb.com.ar\/web\/wp-content\/uploads\/2020\/12\/descacharrado-2-300x169.jpg 300w, https:\/\/www.almargenweb.com.ar\/web\/wp-content\/uploads\/2020\/12\/descacharrado-2-768x432.jpg 768w, https:\/\/www.almargenweb.com.ar\/web\/wp-content\/uploads\/2020\/12\/descacharrado-2.jpg 1200w\" sizes=\"auto, (max-width: 1024px) 100vw, 1024px\" \/><figcaption>El descacharrado, sumado a la limpieza de bald\u00edos y predios, forman parte de las actividades que todos los vecinos tenemos en cuenta a la hs de hablar de prevenci\u00f3n. <\/figcaption><\/figure>\n\n\n\n<p>La intensi\u00f3n de la comuna sancarlina es llevar tranquilidad a toda la comunidad informando sobre los productos que utilizaran para este fin y aclaran que todos los insecticidas y repelentes, son de uso profesional y cuentan con sus respectivas habilitaciones, siendo inocuos para la salud de personas, animales y medio ambiente. <\/p>\n\n\n\n<p>El dengue se transmite a trav\u00e9s de la picadura de un mosquito infectado. Es una enfermedad que afecta personas de todas las edades, con s\u00edntomas que var\u00edan entre una fiebre leve a una fiebre incapacitante, acompa\u00f1ado de dolor intenso de cabeza, dolor detr\u00e1s de los ojos, dolor en m\u00fasculos y articulaciones, y eritema. <\/p>\n\n\n\n<figure class=\"wp-block-image size-large is-resized\"><img loading=\"lazy\" decoding=\"async\" src=\"https:\/\/www.almargenweb.com.ar\/web\/wp-content\/uploads\/2020\/12\/dengue-casos-espaA\u00b1a.jpg\" alt=\"\" class=\"wp-image-31951\" width=\"580\" height=\"326\" srcset=\"https:\/\/www.almargenweb.com.ar\/web\/wp-content\/uploads\/2020\/12\/dengue-casos-espaA\u00b1a.jpg 480w, https:\/\/www.almargenweb.com.ar\/web\/wp-content\/uploads\/2020\/12\/dengue-casos-espaA\u00b1a-300x169.jpg 300w\" sizes=\"auto, (max-width: 580px) 100vw, 580px\" \/><figcaption>El mosquito Aedes aegypti, es el principal vector  de la transmisi\u00f3n del dengue<\/figcaption><\/figure>\n\n\n\n<p>La enfermedad puede progresar a formas graves, caracterizada principalmente por choque, dificultad respiratoria y\/o da\u00f1o grave de \u00f3rganos. <\/p>\n\n\n\n<p>El dengue tiene un comportamiento estacionario, es decir, en el hemisferio Sur la mayor\u00eda de los casos ocurren durante la primera mitad del a\u00f1o, en cambio, en el hemisferio Norte, los casos ocurren mayormente en la segunda mitad. Este patr\u00f3n de comportamiento corresponde a los meses m\u00e1s c\u00e1lidos y lluviosos.<\/p>\n\n\n\n<p>El vector principal responsable de la trasmisi\u00f3n del dengue es el mosquito Aedes aegypti.<\/p>\n\n\n\n<p> <\/p>\n<!-- AddThis Advanced Settings generic via filter on the_content --><!-- AddThis Share Buttons generic via filter on the_content -->","protected":false},"excerpt":{"rendered":"<p>En el marco del programa de lucha contra el dengue, la comuna de San carlos Sud, [&hellip;]<!-- AddThis Advanced Settings generic via filter on get_the_excerpt --><!-- AddThis Share Buttons generic via filter on get_the_excerpt --><\/p>\n","protected":false},"author":16,"featured_media":31950,"comment_status":"open","ping_status":"open","sticky":false,"template":"","format":"standard","meta":{"_seopress_robots_primary_cat":"none","_seopress_titles_title":"","_seopress_titles_desc":"","_seopress_robots_index":"","_themeisle_gutenberg_block_has_review":false,"footnotes":""},"categories":[2,21,29,15],"tags":[],"class_list":["post-31948","post","type-post","status-publish","format-standard","has-post-thumbnail","hentry","category-actualidad","category-las-colonias","category-regionales","category-salud"],"_links":{"self":[{"href":"https:\/\/www.almargenweb.com.ar\/web\/wp-json\/wp\/v2\/posts\/31948","targetHints":{"allow":["GET"]}}],"collection":[{"href":"https:\/\/www.almargenweb.com.ar\/web\/wp-json\/wp\/v2\/posts"}],"about":[{"href":"https:\/\/www.almargenweb.com.ar\/web\/wp-json\/wp\/v2\/types\/post"}],"author":[{"embeddable":true,"href":"https:\/\/www.almargenweb.com.ar\/web\/wp-json\/wp\/v2\/users\/16"}],"replies":[{"embeddable":true,"href":"https:\/\/www.almargenweb.com.ar\/web\/wp-json\/wp\/v2\/comments?post=31948"}],"version-history":[{"count":1,"href":"https:\/\/www.almargenweb.com.ar\/web\/wp-json\/wp\/v2\/posts\/31948\/revisions"}],"predecessor-version":[{"id":31953,"href":"https:\/\/www.almargenweb.com.ar\/web\/wp-json\/wp\/v2\/posts\/31948\/revisions\/31953"}],"wp:featuredmedia":[{"embeddable":true,"href":"https:\/\/www.almargenweb.com.ar\/web\/wp-json\/wp\/v2\/media\/31950"}],"wp:attachment":[{"href":"https:\/\/www.almargenweb.com.ar\/web\/wp-json\/wp\/v2\/media?parent=31948"}],"wp:term":[{"taxonomy":"category","embeddable":true,"href":"https:\/\/www.almargenweb.com.ar\/web\/wp-json\/wp\/v2\/categories?post=31948"},{"taxonomy":"post_tag","embeddable":true,"href":"https:\/\/www.almargenweb.com.ar\/web\/wp-json\/wp\/v2\/tags?post=31948"}],"curies":[{"name":"wp","href":"https:\/\/api.w.org\/{rel}","templated":true}]}}