{"id":31812,"date":"2020-12-18T08:53:06","date_gmt":"2020-12-18T11:53:06","guid":{"rendered":"http:\/\/www.almargenweb.com.ar\/web\/?p=31812"},"modified":"2020-12-18T08:53:07","modified_gmt":"2020-12-18T11:53:07","slug":"muller-fuimos-a-la-sesion-de-hoy-con-la-idea-de-sancionar-una-tributaria-razonable-y-con-exenciones-impositivas-a-diversos-sectores","status":"publish","type":"post","link":"https:\/\/www.almargenweb.com.ar\/web\/muller-fuimos-a-la-sesion-de-hoy-con-la-idea-de-sancionar-una-tributaria-razonable-y-con-exenciones-impositivas-a-diversos-sectores\/","title":{"rendered":"Muller; &#8220;fuimos a la sesi\u00f3n de hoy con la idea de sancionar una tributaria razonable y con exenciones impositivas a diversos sectores&#8221;"},"content":{"rendered":"\n<p>Lamentablemente, quedo sancionada la ordenanza tributaria propuesta por el Ejecutivo Municipal, esto se produce al realizarse la abstenci\u00f3n de un concejal de la oposici\u00f3n, y quedar empatada la votaci\u00f3n, la misma se defini\u00f3 al desempatar el presidente del Concejo.<\/p>\n\n\n\n<p>Recordemos que la propuesta tributaria intentaba frenar un incremento por encima de la inflaci\u00f3n y lograr una equiparaci\u00f3n con un valor razonable como era un 20%, (por el incremento de la paritaria municipal), dado que m\u00e1s del 50% de los gastos municipales est\u00e1n compuestos por el rubro salarial.<\/p>\n\n\n\n<figure class=\"wp-block-image size-large is-resized\"><img loading=\"lazy\" decoding=\"async\" src=\"https:\/\/www.almargenweb.com.ar\/web\/wp-content\/uploads\/2020\/12\/unnamed-1-4.jpg\" alt=\"\" class=\"wp-image-31814\" width=\"579\" height=\"387\" srcset=\"https:\/\/www.almargenweb.com.ar\/web\/wp-content\/uploads\/2020\/12\/unnamed-1-4.jpg 512w, https:\/\/www.almargenweb.com.ar\/web\/wp-content\/uploads\/2020\/12\/unnamed-1-4-300x200.jpg 300w\" sizes=\"auto, (max-width: 579px) 100vw, 579px\" \/><figcaption>Quedo sancionada la ordenanza tributaria propuesta por el Ejecutivo Municipal, debido a la abstenci\u00f3n de un concejal de la oposici\u00f3n<\/figcaption><\/figure>\n\n\n\n<p>Muller se lamenta al no poder &#8220;llevar adelante la propuesta de la gratuidad del carnet de manipulador de alimentos para emprendedores&#8221; como as\u00ed tambi\u00e9n &#8220;facilitar el Derecho a la Vivienda mediante la Tasa Cero por tr\u00e1mites para todos los beneficiarios del PROCREAR en Esperanza&#8221; detallo el consejal luego de la sesi\u00f3n. <\/p>\n\n\n\n<p>Esto tambi\u00e9n contemplaba que los recursos del Predio de los Toboganes tengan una cuenta especial donde lo recaudado por eventos solo pod\u00eda ir a obras en el predio. La tributaria sancionada por el Partido Justicialista no posee estas exenciones fiscales.<\/p>\n\n\n\n<figure class=\"wp-block-image size-large is-resized\"><img loading=\"lazy\" decoding=\"async\" src=\"https:\/\/www.almargenweb.com.ar\/web\/wp-content\/uploads\/2020\/12\/Muller_Rodrigo.jpg\" alt=\"\" class=\"wp-image-31815\" width=\"578\" height=\"321\"\/><figcaption>&#8220;No pudimos llevar adelante la propuesta de la gratuidad del carnet de manipulador de alimentos para emprendedores y facilitar el Derecho a la Vivienda mediante la Tasa Cero&#8221;<\/figcaption><\/figure>\n\n\n\n<p>Asimismo, Muller explic\u00f3 que &#8220;en nuestra propuesta se pon\u00edan numerosos l\u00edmites a que por v\u00eda de la reglamentaci\u00f3n el DEM pudiera incrementar bajo dudosos mecanismos legales aumentos de tributos, como sucedi\u00f3 con la propiedad horizontal&#8221; concluyo el edil. <\/p>\n\n\n\n<p>En este sentido, el consejal habl\u00f3 sobre el futuro y su deseo de que &#8220;nuestra propuesta encuentre eco en aquellos que no la acompa\u00f1aron para que la \u00fanica v\u00eda no sea el aumento de los tributos a nivel local&#8221;.<\/p>\n<!-- AddThis Advanced Settings generic via filter on the_content --><!-- AddThis Share Buttons generic via filter on the_content -->","protected":false},"excerpt":{"rendered":"<p>Lamentablemente, quedo sancionada la ordenanza tributaria propuesta por el Ejecutivo Municipal, esto se produce al realizarse [&hellip;]<!-- AddThis Advanced Settings generic via filter on get_the_excerpt --><!-- AddThis Share Buttons generic via filter on get_the_excerpt --><\/p>\n","protected":false},"author":16,"featured_media":31816,"comment_status":"open","ping_status":"open","sticky":false,"template":"","format":"standard","meta":{"_seopress_robots_primary_cat":"none","_seopress_titles_title":"","_seopress_titles_desc":"","_seopress_robots_index":"","_themeisle_gutenberg_block_has_review":false,"footnotes":""},"categories":[2,5,21,47,9],"tags":[],"class_list":["post-31812","post","type-post","status-publish","format-standard","has-post-thumbnail","hentry","category-actualidad","category-economia","category-las-colonias","category-locales","category-politica"],"_links":{"self":[{"href":"https:\/\/www.almargenweb.com.ar\/web\/wp-json\/wp\/v2\/posts\/31812","targetHints":{"allow":["GET"]}}],"collection":[{"href":"https:\/\/www.almargenweb.com.ar\/web\/wp-json\/wp\/v2\/posts"}],"about":[{"href":"https:\/\/www.almargenweb.com.ar\/web\/wp-json\/wp\/v2\/types\/post"}],"author":[{"embeddable":true,"href":"https:\/\/www.almargenweb.com.ar\/web\/wp-json\/wp\/v2\/users\/16"}],"replies":[{"embeddable":true,"href":"https:\/\/www.almargenweb.com.ar\/web\/wp-json\/wp\/v2\/comments?post=31812"}],"version-history":[{"count":1,"href":"https:\/\/www.almargenweb.com.ar\/web\/wp-json\/wp\/v2\/posts\/31812\/revisions"}],"predecessor-version":[{"id":31817,"href":"https:\/\/www.almargenweb.com.ar\/web\/wp-json\/wp\/v2\/posts\/31812\/revisions\/31817"}],"wp:featuredmedia":[{"embeddable":true,"href":"https:\/\/www.almargenweb.com.ar\/web\/wp-json\/wp\/v2\/media\/31816"}],"wp:attachment":[{"href":"https:\/\/www.almargenweb.com.ar\/web\/wp-json\/wp\/v2\/media?parent=31812"}],"wp:term":[{"taxonomy":"category","embeddable":true,"href":"https:\/\/www.almargenweb.com.ar\/web\/wp-json\/wp\/v2\/categories?post=31812"},{"taxonomy":"post_tag","embeddable":true,"href":"https:\/\/www.almargenweb.com.ar\/web\/wp-json\/wp\/v2\/tags?post=31812"}],"curies":[{"name":"wp","href":"https:\/\/api.w.org\/{rel}","templated":true}]}}