{"id":31770,"date":"2020-12-17T09:27:48","date_gmt":"2020-12-17T12:27:48","guid":{"rendered":"http:\/\/www.almargenweb.com.ar\/web\/?p=31770"},"modified":"2020-12-17T11:44:37","modified_gmt":"2020-12-17T14:44:37","slug":"humbolt-realizan-campana-solidaria-de-alimentos","status":"publish","type":"post","link":"https:\/\/www.almargenweb.com.ar\/web\/humbolt-realizan-campana-solidaria-de-alimentos\/","title":{"rendered":"Humbolt; realizan campa\u00f1a solidaria de alimentos"},"content":{"rendered":"\n<p>Este jueves, a partir de las 8.30, se realizara una colecta domiciliaria de alimentos no perecederos en Humbolt y Colonia Nueva.<\/p>\n\n\n\n<p>La colecta se realizara en conjunto con los bombero voluntarios de cada localidad. Los alimentos almacenados ser\u00e1n distribuidos entre las familias de la comunidad que se encuentren en situaci\u00f3n de vulnerabilidad.<\/p>\n\n\n\n<figure class=\"wp-block-image size-large\"><img loading=\"lazy\" decoding=\"async\" width=\"672\" height=\"381\" src=\"https:\/\/www.almargenweb.com.ar\/web\/wp-content\/uploads\/2020\/12\/CHA-CMCMSC-Flyer-Fall-2018-672x381-1.jpg\" alt=\"\" class=\"wp-image-31773\" srcset=\"https:\/\/www.almargenweb.com.ar\/web\/wp-content\/uploads\/2020\/12\/CHA-CMCMSC-Flyer-Fall-2018-672x381-1.jpg 672w, https:\/\/www.almargenweb.com.ar\/web\/wp-content\/uploads\/2020\/12\/CHA-CMCMSC-Flyer-Fall-2018-672x381-1-300x170.jpg 300w\" sizes=\"auto, (max-width: 672px) 100vw, 672px\" \/><figcaption>Empat\u00eda social a partir de la cual crear puentes con las familias mas  vulnerables de la regi\u00f3n. <\/figcaption><\/figure>\n\n\n\n<p>Desde los entes oficiales, hicieron un balance sobre este a\u00f1o tan particular que nos toco atravesar, &#8220;fue un a\u00f1o dif\u00edcil, en el que reencontrarnos y compartir con personas queridas es un deseo de todos&#8221;. <\/p>\n\n\n\n<p>Es por esto consideran fundamental formar puentes &#8220;a trav\u00e9s de la solidaridad y empat\u00eda, y podamos fortalecer redes comunitarias que nos permitan construir nexos, para que todas las familias puedan estar en igualdad de oportunidades&#8221;<\/p>\n<!-- AddThis Advanced Settings generic via filter on the_content --><!-- AddThis Share Buttons generic via filter on the_content -->","protected":false},"excerpt":{"rendered":"<p>Este jueves, a partir de las 8.30, se realizara una colecta domiciliaria de alimentos no perecederos [&hellip;]<!-- AddThis Advanced Settings generic via filter on get_the_excerpt --><!-- AddThis Share Buttons generic via filter on get_the_excerpt --><\/p>\n","protected":false},"author":16,"featured_media":31772,"comment_status":"open","ping_status":"open","sticky":false,"template":"","format":"standard","meta":{"_seopress_robots_primary_cat":"none","_seopress_titles_title":"","_seopress_titles_desc":"","_seopress_robots_index":"","_themeisle_gutenberg_block_has_review":false,"footnotes":""},"categories":[20,21],"tags":[],"class_list":["post-31770","post","type-post","status-publish","format-standard","has-post-thumbnail","hentry","category-departamentales","category-las-colonias"],"_links":{"self":[{"href":"https:\/\/www.almargenweb.com.ar\/web\/wp-json\/wp\/v2\/posts\/31770","targetHints":{"allow":["GET"]}}],"collection":[{"href":"https:\/\/www.almargenweb.com.ar\/web\/wp-json\/wp\/v2\/posts"}],"about":[{"href":"https:\/\/www.almargenweb.com.ar\/web\/wp-json\/wp\/v2\/types\/post"}],"author":[{"embeddable":true,"href":"https:\/\/www.almargenweb.com.ar\/web\/wp-json\/wp\/v2\/users\/16"}],"replies":[{"embeddable":true,"href":"https:\/\/www.almargenweb.com.ar\/web\/wp-json\/wp\/v2\/comments?post=31770"}],"version-history":[{"count":2,"href":"https:\/\/www.almargenweb.com.ar\/web\/wp-json\/wp\/v2\/posts\/31770\/revisions"}],"predecessor-version":[{"id":31783,"href":"https:\/\/www.almargenweb.com.ar\/web\/wp-json\/wp\/v2\/posts\/31770\/revisions\/31783"}],"wp:featuredmedia":[{"embeddable":true,"href":"https:\/\/www.almargenweb.com.ar\/web\/wp-json\/wp\/v2\/media\/31772"}],"wp:attachment":[{"href":"https:\/\/www.almargenweb.com.ar\/web\/wp-json\/wp\/v2\/media?parent=31770"}],"wp:term":[{"taxonomy":"category","embeddable":true,"href":"https:\/\/www.almargenweb.com.ar\/web\/wp-json\/wp\/v2\/categories?post=31770"},{"taxonomy":"post_tag","embeddable":true,"href":"https:\/\/www.almargenweb.com.ar\/web\/wp-json\/wp\/v2\/tags?post=31770"}],"curies":[{"name":"wp","href":"https:\/\/api.w.org\/{rel}","templated":true}]}}