{"id":31765,"date":"2020-12-17T08:09:11","date_gmt":"2020-12-17T11:09:11","guid":{"rendered":"http:\/\/www.almargenweb.com.ar\/web\/?p=31765"},"modified":"2020-12-17T08:09:17","modified_gmt":"2020-12-17T11:09:17","slug":"el-senador-michlig-reclamo-por-la-delicada-situacion-de-municipios-y-comunas","status":"publish","type":"post","link":"https:\/\/www.almargenweb.com.ar\/web\/el-senador-michlig-reclamo-por-la-delicada-situacion-de-municipios-y-comunas\/","title":{"rendered":"El Senador Michlig reclam\u00f3 por la delicada situaci\u00f3n de municipios y comunas"},"content":{"rendered":"\n<p>En la sesi\u00f3n extraordinaria de este mi\u00e9rcoles la C\u00e1mara de Senadores de la Provincia de Santa Fe aprob\u00f3 por unanimidad distintos Proyectos de Comunicaci\u00f3n presentados por el Senador Felipe Michlig entre los que se destaca la solicitud al Poder Ejecutivo para que disponga la urgente remisi\u00f3n de fondos a las Comunas y Municipios del 50% para gastos corrientes correspondientes al a\u00f1o 2020, en el marco de la ley N\u00b0 12.385 \u201cFondo para la construcci\u00f3n de Obras y adquisici\u00f3n de Equipamientos y Rodados para Municipios de Segunda categor\u00eda y Comunas de la Provincia\u201d, establecido por ley N\u00b0 13.978.<\/p>\n\n\n\n<p>Asimismo, el legislador solicit\u00f3 al P.E. que, a trav\u00e9s del Organismo competente, intensifique las medidas de prevenci\u00f3n y control del delito en el \u00e1mbito del departamento San Crist\u00f3bal, atento el notorio incremento de los mismos, tanto en \u00e1reas urbanas como rurales.<\/p>\n\n\n\n<figure class=\"wp-block-image size-large\"><img loading=\"lazy\" decoding=\"async\" width=\"1024\" height=\"683\" src=\"https:\/\/www.almargenweb.com.ar\/web\/wp-content\/uploads\/2020\/12\/sesion-hoy-1024x683.jpeg\" alt=\"\" class=\"wp-image-31768\" srcset=\"https:\/\/www.almargenweb.com.ar\/web\/wp-content\/uploads\/2020\/12\/sesion-hoy-1024x683.jpeg 1024w, https:\/\/www.almargenweb.com.ar\/web\/wp-content\/uploads\/2020\/12\/sesion-hoy-300x200.jpeg 300w, https:\/\/www.almargenweb.com.ar\/web\/wp-content\/uploads\/2020\/12\/sesion-hoy-768x512.jpeg 768w, https:\/\/www.almargenweb.com.ar\/web\/wp-content\/uploads\/2020\/12\/sesion-hoy.jpeg 1200w\" sizes=\"auto, (max-width: 1024px) 100vw, 1024px\" \/><figcaption>En la sesi\u00f3n extraordinaria de este mi\u00e9rcoles la C\u00e1mara de Senadores de la Provincia de Santa Fe aprob\u00f3 por unanimidad distintos Proyectos de Comunicaci\u00f3n presentados por el Senador Felipe Michlig<\/figcaption><\/figure>\n\n\n\n<p>Por otra parte, reclam\u00f3 que el PE realice las gestiones necesarias ante el agente financiero de la Provincia, el Nuevo Banco de Santa Fe SA, a los efectos de la habilitaci\u00f3n y puesta en funcionamiento de otros cajeros autom\u00e1ticos en la localidad de Hersilia.<\/p>\n\n\n\n<p>Delicada situaci\u00f3n financiera de MMyCC<br>El Pte. del Bloque de la UCR, al fundamentar la iniciativa se\u00f1al\u00f3 que \u201ces p\u00fablico y notorio la delicada situaci\u00f3n de las finanzas de las distintas Comunas y Municipios de la Provincia, en el contexto de la ca\u00edda generalizada de la actividad, agravado por la pandemia de Covid 19 que estamos atravesando\u201d.<\/p>\n\n\n\n<p>\u201cLa Legislatura de la Provincia, en orden a los reclamos de Presidentes Comunales e Intendentes de todo el arco pol\u00edtico, ha solicitado y aprobado que parte de los fondos de la ley N\u00b0 12.385 sea destinado a gastos corrientes, en particular para afectar al pago de salarios del personal y proveedores, y en esta \u00e9poca en particular para afrontar el pago de aguinaldos. Esto tambi\u00e9n se habl\u00f3 cuando votamos la Ley de emergencia p\u00fablica con fondos extraordinarios y la creaci\u00f3n del Fondo Covid, tambi\u00e9n para que se beneficie a todos los municipios y comunas\u201d, sostuvo.<\/p>\n\n\n\n<p>Pago de medio aguinaldo<br>Michlig continu\u00f3 explicando que \u201cel Ministerio de Gesti\u00f3n P\u00fablica, competente para firmar las resoluciones otorgando a cada Comuna y Municipio los fondos requeridos, en el marco de la ley 13.798, se encuentra imposibilitado de hacerlo ya que, desde el Ministerio de Econom\u00eda, no se han dado las adecuaciones presupuestarias para habilitar el giro de tales fondos\u201d.<\/p>\n\n\n\n<p>\u201cLa situaci\u00f3n mantiene en vilo a cientos de Presidentes Comunales e Intendentes que esperan ansiosamente tales fondos para superar los inconvenientes financieros propios de esta etapa del a\u00f1o, donde se abonan aguinaldos. Es necesario que el Ministerio de Econom\u00eda disponga el dictado de las normas pertinentes para realizar las adecuaciones presupuestarias y habilitar al Ministerio de Gesti\u00f3n P\u00fablico la liberaci\u00f3n de tales partidas para que sean transferidas a las Comunas y Municipios que los requirieron\u201d, exhort\u00f3 el legislador.<\/p>\n\n\n\n<p>Seguridad<br>Respecto a otros de los proyectos aprobados, reclamando mayor seguridad, Michlig indic\u00f3 que \u201cel departamento San Crist\u00f3bal cuenta con cuatro ciudades y adem\u00e1s, en el sector rural, con la mayor cantidad de ganado en todo el \u00e1mbito de la Provincia de Santa Fe. Por su extensi\u00f3n y diversidad de tierras, cuenta con un gran desarrollo agr\u00edcola ganadero y lechero.-<\/p>\n\n\n\n<p>\u201cLas denuncias por faltantes de animales son habituales y no hay fuerzas de seguridad suficiente y espec\u00edficas para afrontar dicho flagelo. Paralelamente se ha incrementado no s\u00f3lo la cantidad de casos, sino que ahora se suman asaltos a mano armada a productores, que ponen en riesgo la vida de dichos ciudadanos. Dem\u00e1s est\u00e1 agregar el incremento del delito en las \u00e1reas urbanas, donde no hay respuestas concretas del \u00e1rea de seguridad al accionar de los delincuentes\u201d.<\/p>\n\n\n\n<p>\u201cEn las \u00faltimas semanas, se han producido casos en las ciudades de Ceres y Hersilia, donde muchos productores y ciudadanos expresaron su preocupaci\u00f3n por la gravedad de la situaci\u00f3n. Ante ello, pedimos que se requiera al \u00e1rea de seguridad la intensificaci\u00f3n y profundizaci\u00f3n de medidas tendientes a prevenir y controlar el delito por parte de las fuerzas de seguridad.<\/p>\n<!-- AddThis Advanced Settings generic via filter on the_content --><!-- AddThis Share Buttons generic via filter on the_content -->","protected":false},"excerpt":{"rendered":"<p>En la sesi\u00f3n extraordinaria de este mi\u00e9rcoles la C\u00e1mara de Senadores de la Provincia de Santa [&hellip;]<!-- AddThis Advanced Settings generic via filter on get_the_excerpt --><!-- AddThis Share Buttons generic via filter on get_the_excerpt --><\/p>\n","protected":false},"author":16,"featured_media":31767,"comment_status":"open","ping_status":"open","sticky":false,"template":"","format":"standard","meta":{"_seopress_robots_primary_cat":"none","_seopress_titles_title":"","_seopress_titles_desc":"","_seopress_robots_index":"","_themeisle_gutenberg_block_has_review":false,"footnotes":""},"categories":[2,20,9,321],"tags":[],"class_list":["post-31765","post","type-post","status-publish","format-standard","has-post-thumbnail","hentry","category-actualidad","category-departamentales","category-politica","category-san-cristobal"],"_links":{"self":[{"href":"https:\/\/www.almargenweb.com.ar\/web\/wp-json\/wp\/v2\/posts\/31765","targetHints":{"allow":["GET"]}}],"collection":[{"href":"https:\/\/www.almargenweb.com.ar\/web\/wp-json\/wp\/v2\/posts"}],"about":[{"href":"https:\/\/www.almargenweb.com.ar\/web\/wp-json\/wp\/v2\/types\/post"}],"author":[{"embeddable":true,"href":"https:\/\/www.almargenweb.com.ar\/web\/wp-json\/wp\/v2\/users\/16"}],"replies":[{"embeddable":true,"href":"https:\/\/www.almargenweb.com.ar\/web\/wp-json\/wp\/v2\/comments?post=31765"}],"version-history":[{"count":1,"href":"https:\/\/www.almargenweb.com.ar\/web\/wp-json\/wp\/v2\/posts\/31765\/revisions"}],"predecessor-version":[{"id":31769,"href":"https:\/\/www.almargenweb.com.ar\/web\/wp-json\/wp\/v2\/posts\/31765\/revisions\/31769"}],"wp:featuredmedia":[{"embeddable":true,"href":"https:\/\/www.almargenweb.com.ar\/web\/wp-json\/wp\/v2\/media\/31767"}],"wp:attachment":[{"href":"https:\/\/www.almargenweb.com.ar\/web\/wp-json\/wp\/v2\/media?parent=31765"}],"wp:term":[{"taxonomy":"category","embeddable":true,"href":"https:\/\/www.almargenweb.com.ar\/web\/wp-json\/wp\/v2\/categories?post=31765"},{"taxonomy":"post_tag","embeddable":true,"href":"https:\/\/www.almargenweb.com.ar\/web\/wp-json\/wp\/v2\/tags?post=31765"}],"curies":[{"name":"wp","href":"https:\/\/api.w.org\/{rel}","templated":true}]}}