{"id":31701,"date":"2020-12-15T09:56:31","date_gmt":"2020-12-15T12:56:31","guid":{"rendered":"http:\/\/www.almargenweb.com.ar\/web\/?p=31701"},"modified":"2020-12-15T10:37:58","modified_gmt":"2020-12-15T13:37:58","slug":"molestia-de-usuarios-por-aumentos-en-el-corredor-vial-de-ruta-70","status":"publish","type":"post","link":"https:\/\/www.almargenweb.com.ar\/web\/molestia-de-usuarios-por-aumentos-en-el-corredor-vial-de-ruta-70\/","title":{"rendered":"Molestia de usuarios por aumentos en la tarifa del corredor vial de Ruta 70"},"content":{"rendered":"\n<p>La Unidad Ejecutora concesionaria de las rutas provinciales N\u00b0 6 y N\u00b0 70 informa que \u201cen virtud de la resoluci\u00f3n 1501 de la Direcci\u00f3n Provincial de Vialidad de fecha 10 de diciembre de 2020 se aprueba la actualizaci\u00f3n del valor de la tarifa b\u00e1sica de peaje a la suma de $ 50,00 a partir del d\u00eda 15 de diciembre de 2020\u201d.<\/p>\n\n\n\n<p>\u201cEl valor autorizado por la Direcci\u00f3n Provincial de Vialidad surge luego de varios pedidos formulados desde esta Unidad, fundamentalmente por el inconveniente existente con la provisi\u00f3n de monedas y billetes de baja nominaci\u00f3n\u201d, explicaron en un parte de prensa.<\/p>\n\n\n\n<figure class=\"wp-block-image size-large\"><img loading=\"lazy\" decoding=\"async\" width=\"1024\" height=\"642\" src=\"https:\/\/www.almargenweb.com.ar\/web\/wp-content\/uploads\/2020\/12\/multimedia.grande.87637adf5cc3bd8c.5065616a655f6772616e64652e6a7067.jpg\" alt=\"\" class=\"wp-image-31704\" srcset=\"https:\/\/www.almargenweb.com.ar\/web\/wp-content\/uploads\/2020\/12\/multimedia.grande.87637adf5cc3bd8c.5065616a655f6772616e64652e6a7067.jpg 1024w, https:\/\/www.almargenweb.com.ar\/web\/wp-content\/uploads\/2020\/12\/multimedia.grande.87637adf5cc3bd8c.5065616a655f6772616e64652e6a7067-300x188.jpg 300w, https:\/\/www.almargenweb.com.ar\/web\/wp-content\/uploads\/2020\/12\/multimedia.grande.87637adf5cc3bd8c.5065616a655f6772616e64652e6a7067-768x482.jpg 768w\" sizes=\"auto, (max-width: 1024px) 100vw, 1024px\" \/><figcaption>&#8220;Al servicio de la direccion&#8221; debido a la incapacidad de conseguir billetes para un cambio monetatio, se decidio llevar la tarifa a $50<\/figcaption><\/figure>\n\n\n\n<p>\u201cConocido es el hecho que han salido de circulaci\u00f3n legal los billetes de $5,00 y la imposibilidad de conseguir monedas en su reemplazo, lo que muchas veces determinaba la necesidad de percibir una tarifa menor a la vigente por no contar con el cambio necesario.<\/p>\n\n\n\n<p>Resulta importante destacar que el valor actual de la tarifa se encuentra vigente desde el 01 de julio de 2019, afectando seriamente la ecuaci\u00f3n econ\u00f3mica financiera de la Unidad por el incremento de costos experimentado desde la fecha mencionada a la actualidad\u201d, detallaron desde el Corredor Vial.<\/p>\n\n\n\n<p>\u201cNo obstante, durante el per\u00edodo mencionado, la Unidad ha continuado prestando los servicios correspondientes de mantenimiento, conservaci\u00f3n de rutas y banquinas, patrullaje y atenci\u00f3n a usuarios.<\/p>\n\n\n\n<p>Aprovechamos la oportunidad para informar a los usuarios los distintos m\u00f3dulos de pases con tarifas diferenciales para aquellos que utilizan con frecuencia las rutas de este corredor y anticipamos que pronto se encontrar\u00e1 disponible en la p\u00e1gina web de la unidad la posibilidad de pago electr\u00f3nico de pases\u201d, concluye el comunicado.<\/p>\n<!-- AddThis Advanced Settings generic via filter on the_content --><!-- AddThis Share Buttons generic via filter on the_content -->","protected":false},"excerpt":{"rendered":"<p>La Unidad Ejecutora concesionaria de las rutas provinciales N\u00b0 6 y N\u00b0 70 informa que \u201cen [&hellip;]<!-- AddThis Advanced Settings generic via filter on get_the_excerpt --><!-- AddThis Share Buttons generic via filter on get_the_excerpt --><\/p>\n","protected":false},"author":16,"featured_media":31703,"comment_status":"open","ping_status":"open","sticky":false,"template":"","format":"standard","meta":{"_seopress_robots_primary_cat":"none","_seopress_titles_title":"","_seopress_titles_desc":"","_seopress_robots_index":"","_themeisle_gutenberg_block_has_review":false,"footnotes":""},"categories":[5,21,9,29],"tags":[],"class_list":["post-31701","post","type-post","status-publish","format-standard","has-post-thumbnail","hentry","category-economia","category-las-colonias","category-politica","category-regionales"],"_links":{"self":[{"href":"https:\/\/www.almargenweb.com.ar\/web\/wp-json\/wp\/v2\/posts\/31701","targetHints":{"allow":["GET"]}}],"collection":[{"href":"https:\/\/www.almargenweb.com.ar\/web\/wp-json\/wp\/v2\/posts"}],"about":[{"href":"https:\/\/www.almargenweb.com.ar\/web\/wp-json\/wp\/v2\/types\/post"}],"author":[{"embeddable":true,"href":"https:\/\/www.almargenweb.com.ar\/web\/wp-json\/wp\/v2\/users\/16"}],"replies":[{"embeddable":true,"href":"https:\/\/www.almargenweb.com.ar\/web\/wp-json\/wp\/v2\/comments?post=31701"}],"version-history":[{"count":2,"href":"https:\/\/www.almargenweb.com.ar\/web\/wp-json\/wp\/v2\/posts\/31701\/revisions"}],"predecessor-version":[{"id":31708,"href":"https:\/\/www.almargenweb.com.ar\/web\/wp-json\/wp\/v2\/posts\/31701\/revisions\/31708"}],"wp:featuredmedia":[{"embeddable":true,"href":"https:\/\/www.almargenweb.com.ar\/web\/wp-json\/wp\/v2\/media\/31703"}],"wp:attachment":[{"href":"https:\/\/www.almargenweb.com.ar\/web\/wp-json\/wp\/v2\/media?parent=31701"}],"wp:term":[{"taxonomy":"category","embeddable":true,"href":"https:\/\/www.almargenweb.com.ar\/web\/wp-json\/wp\/v2\/categories?post=31701"},{"taxonomy":"post_tag","embeddable":true,"href":"https:\/\/www.almargenweb.com.ar\/web\/wp-json\/wp\/v2\/tags?post=31701"}],"curies":[{"name":"wp","href":"https:\/\/api.w.org\/{rel}","templated":true}]}}