{"id":31691,"date":"2020-12-15T08:40:56","date_gmt":"2020-12-15T11:40:56","guid":{"rendered":"http:\/\/www.almargenweb.com.ar\/web\/?p=31691"},"modified":"2020-12-15T08:40:57","modified_gmt":"2020-12-15T11:40:57","slug":"sarmiento-equipan-las-salas-de-internacion-del-samco-con-modernos-equipos-de-asistencia-respiratoria","status":"publish","type":"post","link":"https:\/\/www.almargenweb.com.ar\/web\/sarmiento-equipan-las-salas-de-internacion-del-samco-con-modernos-equipos-de-asistencia-respiratoria\/","title":{"rendered":"Sarmiento; equipan las salas de internaci\u00f3n del Samco con modernos equipos de asistencia respiratoria"},"content":{"rendered":"\n<p>En un trabajo que demando la atenci\u00f3n en conjunto de los profesionales del SAMCO de Sarmiento y la Asociaci\u00f3n Cooperadora del nosocomio, lograron equipar las salas de internaci\u00f3n con modernos equipos de asistencia artificial respiratoria.<\/p>\n\n\n\n<figure class=\"wp-block-image size-large is-resized\"><img loading=\"lazy\" decoding=\"async\" src=\"https:\/\/www.almargenweb.com.ar\/web\/wp-content\/uploads\/2020\/12\/131217104_811791339548666_8208804144446994357_n.jpg\" alt=\"\" class=\"wp-image-31694\" width=\"392\" height=\"696\" srcset=\"https:\/\/www.almargenweb.com.ar\/web\/wp-content\/uploads\/2020\/12\/131217104_811791339548666_8208804144446994357_n.jpg 540w, https:\/\/www.almargenweb.com.ar\/web\/wp-content\/uploads\/2020\/12\/131217104_811791339548666_8208804144446994357_n-169x300.jpg 169w\" sizes=\"auto, (max-width: 392px) 100vw, 392px\" \/><figcaption>El respirador artificial asiste al paciente con un cuadro de deficiencia respiratoria. Todas las salas de internaci\u00f3n del Samco Sarmiento, cuentan con este importante instrumental medico.<\/figcaption><\/figure>\n\n\n\n<p>Esta actualizaci\u00f3n de instrumental medico, se complemento con la modernizacion de canerias y la compra de tubos de oxigeno a fin al equipo de asistencia respiratorio.<\/p>\n\n\n\n<p><\/p>\n<!-- AddThis Advanced Settings generic via filter on the_content --><!-- AddThis Share Buttons generic via filter on the_content -->","protected":false},"excerpt":{"rendered":"<p>En un trabajo que demando la atenci\u00f3n en conjunto de los profesionales del SAMCO de Sarmiento [&hellip;]<!-- AddThis Advanced Settings generic via filter on get_the_excerpt --><!-- AddThis Share Buttons generic via filter on get_the_excerpt --><\/p>\n","protected":false},"author":16,"featured_media":31693,"comment_status":"open","ping_status":"open","sticky":false,"template":"","format":"standard","meta":{"_seopress_robots_primary_cat":"none","_seopress_titles_title":"","_seopress_titles_desc":"","_seopress_robots_index":"","_themeisle_gutenberg_block_has_review":false,"footnotes":""},"categories":[2,21,15],"tags":[],"class_list":["post-31691","post","type-post","status-publish","format-standard","has-post-thumbnail","hentry","category-actualidad","category-las-colonias","category-salud"],"_links":{"self":[{"href":"https:\/\/www.almargenweb.com.ar\/web\/wp-json\/wp\/v2\/posts\/31691","targetHints":{"allow":["GET"]}}],"collection":[{"href":"https:\/\/www.almargenweb.com.ar\/web\/wp-json\/wp\/v2\/posts"}],"about":[{"href":"https:\/\/www.almargenweb.com.ar\/web\/wp-json\/wp\/v2\/types\/post"}],"author":[{"embeddable":true,"href":"https:\/\/www.almargenweb.com.ar\/web\/wp-json\/wp\/v2\/users\/16"}],"replies":[{"embeddable":true,"href":"https:\/\/www.almargenweb.com.ar\/web\/wp-json\/wp\/v2\/comments?post=31691"}],"version-history":[{"count":1,"href":"https:\/\/www.almargenweb.com.ar\/web\/wp-json\/wp\/v2\/posts\/31691\/revisions"}],"predecessor-version":[{"id":31695,"href":"https:\/\/www.almargenweb.com.ar\/web\/wp-json\/wp\/v2\/posts\/31691\/revisions\/31695"}],"wp:featuredmedia":[{"embeddable":true,"href":"https:\/\/www.almargenweb.com.ar\/web\/wp-json\/wp\/v2\/media\/31693"}],"wp:attachment":[{"href":"https:\/\/www.almargenweb.com.ar\/web\/wp-json\/wp\/v2\/media?parent=31691"}],"wp:term":[{"taxonomy":"category","embeddable":true,"href":"https:\/\/www.almargenweb.com.ar\/web\/wp-json\/wp\/v2\/categories?post=31691"},{"taxonomy":"post_tag","embeddable":true,"href":"https:\/\/www.almargenweb.com.ar\/web\/wp-json\/wp\/v2\/tags?post=31691"}],"curies":[{"name":"wp","href":"https:\/\/api.w.org\/{rel}","templated":true}]}}