{"id":31668,"date":"2020-12-14T13:10:30","date_gmt":"2020-12-14T16:10:30","guid":{"rendered":"http:\/\/www.almargenweb.com.ar\/web\/?p=31668"},"modified":"2020-12-14T13:10:30","modified_gmt":"2020-12-14T16:10:30","slug":"san-carlos-sud-comenzaron-las-obras-de-ampliacion-del-samco","status":"publish","type":"post","link":"https:\/\/www.almargenweb.com.ar\/web\/san-carlos-sud-comenzaron-las-obras-de-ampliacion-del-samco\/","title":{"rendered":"San Carlos Sud; comenzaron las obras de ampliaci\u00f3n del Samco"},"content":{"rendered":"\n<p>En un trabajo en conjunto entre la Comuna de San Carlos Sud, el equipo medico y el equipo de administracion del Samco, se comenzo con la obra que tiene como objetivo pricipal, la ampliaciopn del edificio del Centro de Salud &#8220;Selma Karst&#8221;.<\/p>\n\n\n\n<figure class=\"wp-block-image size-large\"><img loading=\"lazy\" decoding=\"async\" width=\"800\" height=\"445\" src=\"https:\/\/www.almargenweb.com.ar\/web\/wp-content\/uploads\/2020\/12\/IMG_20190518_1326031-800x445-1.jpg\" alt=\"\" class=\"wp-image-31671\" srcset=\"https:\/\/www.almargenweb.com.ar\/web\/wp-content\/uploads\/2020\/12\/IMG_20190518_1326031-800x445-1.jpg 800w, https:\/\/www.almargenweb.com.ar\/web\/wp-content\/uploads\/2020\/12\/IMG_20190518_1326031-800x445-1-300x167.jpg 300w, https:\/\/www.almargenweb.com.ar\/web\/wp-content\/uploads\/2020\/12\/IMG_20190518_1326031-800x445-1-768x427.jpg 768w\" sizes=\"auto, (max-width: 800px) 100vw, 800px\" \/><figcaption>La obra se lleva adelante con recursos propios del efector de salud y con mano de obra de la Comuna de San Carlos Sud<\/figcaption><\/figure>\n\n\n\n<p>El proyecto prev\u00e9 la construcci\u00f3n de 3 consultorios y un sal\u00f3n de usos m\u00faltiples. Esta nueva obra se adosa al edificio inaugurado en mayo del 2015.<\/p>\n\n\n\n<p>Es necesario mencionar que la obra del Centro de salud &#8220;Selma Karst&#8221; se realiza con recursos propios del efector de salud y con mano de obra de la Comuna de Carlos Sud.<\/p>\n<!-- AddThis Advanced Settings generic via filter on the_content --><!-- AddThis Share Buttons generic via filter on the_content -->","protected":false},"excerpt":{"rendered":"<p>En un trabajo en conjunto entre la Comuna de San Carlos Sud, el equipo medico y [&hellip;]<!-- AddThis Advanced Settings generic via filter on get_the_excerpt --><!-- AddThis Share Buttons generic via filter on get_the_excerpt --><\/p>\n","protected":false},"author":16,"featured_media":31670,"comment_status":"open","ping_status":"open","sticky":false,"template":"","format":"standard","meta":{"_seopress_robots_primary_cat":"none","_seopress_titles_title":"","_seopress_titles_desc":"","_seopress_robots_index":"","_themeisle_gutenberg_block_has_review":false,"footnotes":""},"categories":[2,21,24,29,15],"tags":[],"class_list":["post-31668","post","type-post","status-publish","format-standard","has-post-thumbnail","hentry","category-actualidad","category-las-colonias","category-obras-publicas","category-regionales","category-salud"],"_links":{"self":[{"href":"https:\/\/www.almargenweb.com.ar\/web\/wp-json\/wp\/v2\/posts\/31668","targetHints":{"allow":["GET"]}}],"collection":[{"href":"https:\/\/www.almargenweb.com.ar\/web\/wp-json\/wp\/v2\/posts"}],"about":[{"href":"https:\/\/www.almargenweb.com.ar\/web\/wp-json\/wp\/v2\/types\/post"}],"author":[{"embeddable":true,"href":"https:\/\/www.almargenweb.com.ar\/web\/wp-json\/wp\/v2\/users\/16"}],"replies":[{"embeddable":true,"href":"https:\/\/www.almargenweb.com.ar\/web\/wp-json\/wp\/v2\/comments?post=31668"}],"version-history":[{"count":1,"href":"https:\/\/www.almargenweb.com.ar\/web\/wp-json\/wp\/v2\/posts\/31668\/revisions"}],"predecessor-version":[{"id":31672,"href":"https:\/\/www.almargenweb.com.ar\/web\/wp-json\/wp\/v2\/posts\/31668\/revisions\/31672"}],"wp:featuredmedia":[{"embeddable":true,"href":"https:\/\/www.almargenweb.com.ar\/web\/wp-json\/wp\/v2\/media\/31670"}],"wp:attachment":[{"href":"https:\/\/www.almargenweb.com.ar\/web\/wp-json\/wp\/v2\/media?parent=31668"}],"wp:term":[{"taxonomy":"category","embeddable":true,"href":"https:\/\/www.almargenweb.com.ar\/web\/wp-json\/wp\/v2\/categories?post=31668"},{"taxonomy":"post_tag","embeddable":true,"href":"https:\/\/www.almargenweb.com.ar\/web\/wp-json\/wp\/v2\/tags?post=31668"}],"curies":[{"name":"wp","href":"https:\/\/api.w.org\/{rel}","templated":true}]}}