{"id":31631,"date":"2020-12-13T10:15:00","date_gmt":"2020-12-13T13:15:00","guid":{"rendered":"http:\/\/www.almargenweb.com.ar\/web\/?p=31631"},"modified":"2020-12-13T00:04:41","modified_gmt":"2020-12-13T03:04:41","slug":"san-jeronimo-del-sauce-inauguro-su-archivo-general-historico-roberto-lance","status":"publish","type":"post","link":"https:\/\/www.almargenweb.com.ar\/web\/san-jeronimo-del-sauce-inauguro-su-archivo-general-historico-roberto-lance\/","title":{"rendered":"San Jeronimo del Sauce inauguro su Archivo General Hist\u00f3rico &#8220;Roberto Lance&#8221;"},"content":{"rendered":"\n<p>En un acto encabezado por autoridades comunales, su presidente el Senor Daniel Rios junto a los trabajadores de La Casa de la Cultura, rindieron homenaje a Roberto Lance.<\/p>\n\n\n\n<p>Lance, de origen cordob\u00e9s, es escritor e investigador. Autor de importantes libros, muy sentidos en la historia e idiosincrasia de San Jer\u00f3nimo del Sauce. Toda la obra de Lance investiga, analiza y repasa hechos y datos precisos sobre la fundaci\u00f3n del pueblo y tambi\u00e9n, pueblos de la regi\u00f3n, entre ellos Esperanza.<\/p>\n\n\n\n<figure class=\"wp-block-image size-large is-resized\"><img loading=\"lazy\" decoding=\"async\" src=\"https:\/\/www.almargenweb.com.ar\/web\/wp-content\/uploads\/2020\/12\/101315239_2626648670891629_946342889158344704_o-1024x498.jpg\" alt=\"\" class=\"wp-image-31635\" width=\"598\" height=\"291\" srcset=\"https:\/\/www.almargenweb.com.ar\/web\/wp-content\/uploads\/2020\/12\/101315239_2626648670891629_946342889158344704_o-1024x498.jpg 1024w, https:\/\/www.almargenweb.com.ar\/web\/wp-content\/uploads\/2020\/12\/101315239_2626648670891629_946342889158344704_o-300x146.jpg 300w, https:\/\/www.almargenweb.com.ar\/web\/wp-content\/uploads\/2020\/12\/101315239_2626648670891629_946342889158344704_o-768x374.jpg 768w, https:\/\/www.almargenweb.com.ar\/web\/wp-content\/uploads\/2020\/12\/101315239_2626648670891629_946342889158344704_o.jpg 1032w\" sizes=\"auto, (max-width: 598px) 100vw, 598px\" \/><figcaption>El &#8220;Archivo Roberto Lance&#8221;, funciona en La Casa de la Cultura, primero sera de forma virtual para luego ser presencial.<\/figcaption><\/figure>\n\n\n\n<p>El Archivo General Hist\u00f3rico es una instituci\u00f3n que protege y respalda la identidad de San Jer\u00f3nimo del Sauce. Con libros, folletos y much\u00edsima informaci\u00f3n hist\u00f3rica del Departamento Las Colonias y regi\u00f3n, el &#8220;Archivo Roberto Lance&#8221;, como se llamara a partir de ahora, es una fuente importante de consulta hist\u00f3rica permanente.<\/p>\n\n\n\n<p><\/p>\n<!-- AddThis Advanced Settings generic via filter on the_content --><!-- AddThis Share Buttons generic via filter on the_content -->","protected":false},"excerpt":{"rendered":"<p>En un acto encabezado por autoridades comunales, su presidente el Senor Daniel Rios junto a los [&hellip;]<!-- AddThis Advanced Settings generic via filter on get_the_excerpt --><!-- AddThis Share Buttons generic via filter on get_the_excerpt --><\/p>\n","protected":false},"author":16,"featured_media":31633,"comment_status":"open","ping_status":"open","sticky":false,"template":"","format":"standard","meta":{"_seopress_robots_primary_cat":"none","_seopress_titles_title":"","_seopress_titles_desc":"","_seopress_robots_index":"","_themeisle_gutenberg_block_has_review":false,"footnotes":""},"categories":[3,21,29],"tags":[],"class_list":["post-31631","post","type-post","status-publish","format-standard","has-post-thumbnail","hentry","category-cultura","category-las-colonias","category-regionales"],"_links":{"self":[{"href":"https:\/\/www.almargenweb.com.ar\/web\/wp-json\/wp\/v2\/posts\/31631","targetHints":{"allow":["GET"]}}],"collection":[{"href":"https:\/\/www.almargenweb.com.ar\/web\/wp-json\/wp\/v2\/posts"}],"about":[{"href":"https:\/\/www.almargenweb.com.ar\/web\/wp-json\/wp\/v2\/types\/post"}],"author":[{"embeddable":true,"href":"https:\/\/www.almargenweb.com.ar\/web\/wp-json\/wp\/v2\/users\/16"}],"replies":[{"embeddable":true,"href":"https:\/\/www.almargenweb.com.ar\/web\/wp-json\/wp\/v2\/comments?post=31631"}],"version-history":[{"count":1,"href":"https:\/\/www.almargenweb.com.ar\/web\/wp-json\/wp\/v2\/posts\/31631\/revisions"}],"predecessor-version":[{"id":31636,"href":"https:\/\/www.almargenweb.com.ar\/web\/wp-json\/wp\/v2\/posts\/31631\/revisions\/31636"}],"wp:featuredmedia":[{"embeddable":true,"href":"https:\/\/www.almargenweb.com.ar\/web\/wp-json\/wp\/v2\/media\/31633"}],"wp:attachment":[{"href":"https:\/\/www.almargenweb.com.ar\/web\/wp-json\/wp\/v2\/media?parent=31631"}],"wp:term":[{"taxonomy":"category","embeddable":true,"href":"https:\/\/www.almargenweb.com.ar\/web\/wp-json\/wp\/v2\/categories?post=31631"},{"taxonomy":"post_tag","embeddable":true,"href":"https:\/\/www.almargenweb.com.ar\/web\/wp-json\/wp\/v2\/tags?post=31631"}],"curies":[{"name":"wp","href":"https:\/\/api.w.org\/{rel}","templated":true}]}}