{"id":31495,"date":"2020-12-09T10:19:13","date_gmt":"2020-12-09T13:19:13","guid":{"rendered":"http:\/\/www.almargenweb.com.ar\/web\/?p=31495"},"modified":"2020-12-09T13:28:17","modified_gmt":"2020-12-09T16:28:17","slug":"vandalismo-de-gestion-otra-vez-el-desprecio-por-el-arte-otra-vez-el-desprecio-por-el-patrimonio-cultural-de-esperanza","status":"publish","type":"post","link":"https:\/\/www.almargenweb.com.ar\/web\/vandalismo-de-gestion-otra-vez-el-desprecio-por-el-arte-otra-vez-el-desprecio-por-el-patrimonio-cultural-de-esperanza\/","title":{"rendered":"Vandalismo de gesti\u00f3n; otra vez el desprecio por el arte, otra vez el desprecio por el patrimonio cultural de Esperanza."},"content":{"rendered":"\n<p>La Plazoleta del Ferrocarril tiene en exposici\u00f3n permanente esculturas pertenecientes a la artista pl\u00e1stica Eva Erni Borla. Paradogicamenete pertenecen a la persona que siempre crey\u00f3 en el arte como medio y herramienta de los pueblos para empoderarse ante la ignorancia y el olvido. Sin embargo, esta visi\u00f3n no siempre es compartida por los distintos gobiernos, al menos no es prioridad en la gesti\u00f3n de la Se\u00f1ora Ana Meiners, para quienes el arte es algo que esta, no mas que un adorno en el living de casa. <\/p>\n\n\n\n<p>Quedo demostrado con la escena pasada en Avenida de los Colonizadores, que para esta gesti\u00f3n, el arte nunca fue ni sera tomado como herramienta de gesti\u00f3n cultural. Nunca se intento siquiera, legitimizar a nuestros artistas, aun cuando no lo necesitan, le daria a la gestion de la Senora Ana Meiners cierto grado de credivilidad cuando hablan de cultura.<\/p>\n\n\n\n<figure class=\"wp-block-image size-large\"><img loading=\"lazy\" decoding=\"async\" width=\"1024\" height=\"595\" src=\"https:\/\/www.almargenweb.com.ar\/web\/wp-content\/uploads\/2020\/12\/Obras-Erni-Borla-Avda-Colonizadores.jpg\" alt=\"\" class=\"wp-image-31498\" srcset=\"https:\/\/www.almargenweb.com.ar\/web\/wp-content\/uploads\/2020\/12\/Obras-Erni-Borla-Avda-Colonizadores.jpg 1024w, https:\/\/www.almargenweb.com.ar\/web\/wp-content\/uploads\/2020\/12\/Obras-Erni-Borla-Avda-Colonizadores-300x174.jpg 300w, https:\/\/www.almargenweb.com.ar\/web\/wp-content\/uploads\/2020\/12\/Obras-Erni-Borla-Avda-Colonizadores-768x446.jpg 768w\" sizes=\"auto, (max-width: 1024px) 100vw, 1024px\" \/><figcaption>La historia de siempre; meses atr\u00e1s surgi\u00f3 un litigio por la remoci\u00f3n art\u00edstica de Av. los Colonizadores.  <\/figcaption><\/figure>\n\n\n\n<p>Celina Zimmerman es una referente de la cultura en Esperanza. A estas alturas, podr\u00edamos decir que es la encargada de vigilar el patrimonio art\u00edstico de la ciudad y comunicar el estado de las obras. Fue ella quien fotografi\u00f3 y publico un comunicado denunciando el estado de abandono en el que se encuentran las esculturas de Eva Borla, expuestas en la Plazoleta del Ferrocarril.<\/p>\n\n\n\n<figure class=\"wp-block-image size-large\"><img loading=\"lazy\" decoding=\"async\" width=\"800\" height=\"600\" src=\"https:\/\/www.almargenweb.com.ar\/web\/wp-content\/uploads\/2020\/12\/Obras-Eva-Borla-abandonadas-2-01.jpeg\" alt=\"\" class=\"wp-image-31499\" srcset=\"https:\/\/www.almargenweb.com.ar\/web\/wp-content\/uploads\/2020\/12\/Obras-Eva-Borla-abandonadas-2-01.jpeg 800w, https:\/\/www.almargenweb.com.ar\/web\/wp-content\/uploads\/2020\/12\/Obras-Eva-Borla-abandonadas-2-01-300x225.jpeg 300w, https:\/\/www.almargenweb.com.ar\/web\/wp-content\/uploads\/2020\/12\/Obras-Eva-Borla-abandonadas-2-01-768x576.jpeg 768w\" sizes=\"auto, (max-width: 800px) 100vw, 800px\" \/><figcaption>El vandalismo esta vez, viene departe de la gesti\u00f3n Meiners; pastos sin cortar y las esculturas &#8220;en un estado tan lamentable de deterioro&#8221; dice Zimmermann en su reflexi\u00f3n.<br> <\/figcaption><\/figure>\n\n\n\n<p>La reflexion de Zimmermann sobre el estado actual de esculturas en nuestra ciudad, en el siguiete texto citado; <\/p>\n\n\n\n<p> &#8220;M\u00e1s obras de Eva Erni Borla en real peligro.&#8221;<br>En nuestra ciudad, algunas plazas y paseos p\u00fablicos afortunadamente, para deleite y orgullo de los esperancinos, cuentan con esculturas, monumentos y bustos alusivos a diferentes momentos u hechos de nuestra historia, ya local, ya nacional.<br>Este conjunto de bienes culturales, patrimonio de todos los ciudadanos, est\u00e1n al cuidado de las autoridades municipales competentes en el \u00e1rea. Pero me pregunto, est\u00e1n al cuidado?<br>Podemos inferir que este conjunto de obras de la artista Eva Erni Borla, emplazados en el sector oeste del predio de la Ex Estaci\u00f3n de Ferrocarril, representan (o representaban porque una de ellas ya est\u00e1 completamente deteriorada) las escenas del hombre de campo labrando su tierra.<br>Sus 4 diferentes escenas, luc\u00edan con gran expresividad, fuerza, color, el labriego y su siembra, su familia, su tierra, su cielo y su fuerza de lucha.<br>Bueno, puedo inferir su significado, porque se encuentran en un estado tan lamentable de deterioro que es muy dificultoso su vista, su interpretaci\u00f3n.<\/p>\n\n\n\n<p>Abandono, desidia, discursos vac\u00edos y mentirosos. Qui\u00e9n cuida el patrimonio de los esperancinos?? Los mismos que quieren transformar la Avenida Los Colonizadores en una avenida moderna, veloz, segura,\u2026 segura? Sin esculturas porque molestan para el progreso.<br>Esta hermosa obra de la artista Eva Erni Borla, que acompa\u00f1a, a unos 50 mts. de distancia en el mismo predio de la Ex Estaci\u00f3n de Ferrocarril , el bell\u00edsimo e imponente \u201cMonumento a la Gesta Gringa\u201d, inaugurado en 1987, tambi\u00e9n de la misma autora, deber\u00eda ser considerado un conjunto de obras dispuestas en el espacio p\u00fablico, dignos del respeto del p\u00fablico que all\u00ed concurre.<\/p>\n\n\n\n<figure class=\"wp-block-image size-large is-resized\"><img loading=\"lazy\" decoding=\"async\" src=\"https:\/\/www.almargenweb.com.ar\/web\/wp-content\/uploads\/2020\/12\/Obras-Eva-Borla-abandonadas-sur-01.jpeg\" alt=\"\" class=\"wp-image-31500\" width=\"513\" height=\"684\" srcset=\"https:\/\/www.almargenweb.com.ar\/web\/wp-content\/uploads\/2020\/12\/Obras-Eva-Borla-abandonadas-sur-01.jpeg 450w, https:\/\/www.almargenweb.com.ar\/web\/wp-content\/uploads\/2020\/12\/Obras-Eva-Borla-abandonadas-sur-01-225x300.jpeg 225w\" sizes=\"auto, (max-width: 513px) 100vw, 513px\" \/><figcaption>&#8220;Abandono, desidia, discursos vac\u00edos y mentirosos&#8221; escribi\u00f3 la referente cultural esperancina, en su reflexi\u00f3n p\u00fablica. Sentimientos que deber\u00edamos tener todos ante tal arrebato cultural en nuestra Esperanza.<\/figcaption><\/figure>\n\n\n\n<p>Pero entiendo que al p\u00fablico se le debe dar el ejemplo. Son los responsables de su custodia, y preservaci\u00f3n, quienes deben respetar NUESTRO PATRIMONIO, CUID\u00c1NDOLO, MANTENI\u00c9NDOLO A SALVO DEL DETERIORO QUE PUDIESE SUFRIR.<br>S\u00f3lo as\u00ed, con el ejemplo de responsabilidad y coherencia entre los dichos y los hechos, se logra el respeto colectivo.<br>He buscado en la informaci\u00f3n oficial referida a las obras de la artista Eva Erni Borla, y no hay referencia alguna a este conjunto otrora tan bello, hoy tan abandonado. (ni una foto)<br>Entonces reflexiono, es una estrategia el dejar avanzar el deterioro de las esculturas que no gustan a alg\u00fan funcionario, para luego justificar su retiro???<br>Por \u00faltimo, podemos pensar que este a\u00f1o la pandemia ha generado complicaciones y dificultades de todo tipo, pero el deterioro que se manifiesta en las obras lleva muchos a\u00f1os de abandono\u00bb, entendi\u00f3 Zimmermann.<\/p>\n\n\n\n<figure class=\"wp-block-image size-large\"><img loading=\"lazy\" decoding=\"async\" width=\"876\" height=\"657\" src=\"https:\/\/www.almargenweb.com.ar\/web\/wp-content\/uploads\/2020\/12\/Obras-Eva-Borla-abandonadas-1-01-1.jpeg\" alt=\"\" class=\"wp-image-31501\" srcset=\"https:\/\/www.almargenweb.com.ar\/web\/wp-content\/uploads\/2020\/12\/Obras-Eva-Borla-abandonadas-1-01-1.jpeg 876w, https:\/\/www.almargenweb.com.ar\/web\/wp-content\/uploads\/2020\/12\/Obras-Eva-Borla-abandonadas-1-01-1-300x225.jpeg 300w, https:\/\/www.almargenweb.com.ar\/web\/wp-content\/uploads\/2020\/12\/Obras-Eva-Borla-abandonadas-1-01-1-768x576.jpeg 768w\" sizes=\"auto, (max-width: 876px) 100vw, 876px\" \/><figcaption>Esos frescos representaban la siembra hasta que se cosecha la semilla y corresponde a un conjunto de obras que realiz\u00f3 Borla para homenajear a los inmigrantes.<\/figcaption><\/figure>\n\n\n\n<p>En otros aportes sobre las obras y su decadente estado Liliana Antonioli cuenta que \u00abEsos frescos representaban la siembra hasta que se cosecha la semilla y corresponde a un conjunto de obras que realiz\u00f3 Eva para homenajear a tantos inmigrantes que con mucho sacrificio hicieron grande a esta colonia Esperanza. Entre ellos a su abuelo, que est\u00e1 representado en el ni\u00f1o que apoya su cabeza sobre el regazo de su padre. Con tanto amor hizo Eva estas obras que fueron parte de su historia y adem\u00e1s, con tanta generosidad le dej\u00f3 este legado a todos los esperancinos que, lo menos que podemos hacer es comprometernos y pedir a las autoridades que se ocupen de conservar las obras de arte que se encuentran en la ciudad\u00bb.<\/p>\n<!-- AddThis Advanced Settings generic via filter on the_content --><!-- AddThis Share Buttons generic via filter on the_content -->","protected":false},"excerpt":{"rendered":"<p>La Plazoleta del Ferrocarril tiene en exposici\u00f3n permanente esculturas pertenecientes a la artista pl\u00e1stica Eva Erni [&hellip;]<!-- AddThis Advanced Settings generic via filter on get_the_excerpt --><!-- AddThis Share Buttons generic via filter on get_the_excerpt --><\/p>\n","protected":false},"author":16,"featured_media":31497,"comment_status":"open","ping_status":"open","sticky":false,"template":"","format":"standard","meta":{"_seopress_robots_primary_cat":"none","_seopress_titles_title":"","_seopress_titles_desc":"","_seopress_robots_index":"","_themeisle_gutenberg_block_has_review":false,"footnotes":""},"categories":[3,47],"tags":[],"class_list":["post-31495","post","type-post","status-publish","format-standard","has-post-thumbnail","hentry","category-cultura","category-locales"],"_links":{"self":[{"href":"https:\/\/www.almargenweb.com.ar\/web\/wp-json\/wp\/v2\/posts\/31495","targetHints":{"allow":["GET"]}}],"collection":[{"href":"https:\/\/www.almargenweb.com.ar\/web\/wp-json\/wp\/v2\/posts"}],"about":[{"href":"https:\/\/www.almargenweb.com.ar\/web\/wp-json\/wp\/v2\/types\/post"}],"author":[{"embeddable":true,"href":"https:\/\/www.almargenweb.com.ar\/web\/wp-json\/wp\/v2\/users\/16"}],"replies":[{"embeddable":true,"href":"https:\/\/www.almargenweb.com.ar\/web\/wp-json\/wp\/v2\/comments?post=31495"}],"version-history":[{"count":3,"href":"https:\/\/www.almargenweb.com.ar\/web\/wp-json\/wp\/v2\/posts\/31495\/revisions"}],"predecessor-version":[{"id":31512,"href":"https:\/\/www.almargenweb.com.ar\/web\/wp-json\/wp\/v2\/posts\/31495\/revisions\/31512"}],"wp:featuredmedia":[{"embeddable":true,"href":"https:\/\/www.almargenweb.com.ar\/web\/wp-json\/wp\/v2\/media\/31497"}],"wp:attachment":[{"href":"https:\/\/www.almargenweb.com.ar\/web\/wp-json\/wp\/v2\/media?parent=31495"}],"wp:term":[{"taxonomy":"category","embeddable":true,"href":"https:\/\/www.almargenweb.com.ar\/web\/wp-json\/wp\/v2\/categories?post=31495"},{"taxonomy":"post_tag","embeddable":true,"href":"https:\/\/www.almargenweb.com.ar\/web\/wp-json\/wp\/v2\/tags?post=31495"}],"curies":[{"name":"wp","href":"https:\/\/api.w.org\/{rel}","templated":true}]}}