{"id":31445,"date":"2020-12-08T09:09:37","date_gmt":"2020-12-08T12:09:37","guid":{"rendered":"http:\/\/www.almargenweb.com.ar\/web\/?p=31445"},"modified":"2020-12-08T09:09:38","modified_gmt":"2020-12-08T12:09:38","slug":"el-senador-michig-informo-que-7-localidades-del-dpto-san-cristobal-recibiran-fondos-para-gastos-corrientes","status":"publish","type":"post","link":"https:\/\/www.almargenweb.com.ar\/web\/el-senador-michig-informo-que-7-localidades-del-dpto-san-cristobal-recibiran-fondos-para-gastos-corrientes\/","title":{"rendered":"El Senador Michig inform\u00f3 que 7 Localidades del Dpto. San Crist\u00f3bal recibir\u00e1n fondos para gastos corrientes"},"content":{"rendered":"\n<p>El Senador Provincial Felipe Michlig, inform\u00f3 que en la \u00faltima reuni\u00f3n de la Comisi\u00f3n de Seguimiento de la Ley 12.385 del Fondo de Obras Menores para comunas y municipios de segunda categor\u00eda de la provincia, se aprobaron proyectos correspondientes a 7 localidades del departamento San Crist\u00f3bal para gastos corrientes, por un monto total de $ 6.505.655,52.-<\/p>\n\n\n\n\n\n<p>Del encuentro realizado en la \u00f3rbita de la Secretar\u00eda de Integraci\u00f3n y Fortalecimiento Institucional, participaron el titular, Psic. Jos\u00e9 Freyre, los funcionarios Dr. Carlos Kaufmann, el CPN Marcelo Toselli; Ing. Omar Romero y Santiago Lamberto; junto a los Senadores y Diputados que integran la Comisi\u00f3n de Seguimiento.<\/p>\n\n\n\n<p>Importancia del Fondo de Obras Menores<\/p>\n\n\n\n<p>El Senador Michlig (coautor de la Ley 12.385) destac\u00f3 \u201cla importancia del Fondo de Obras Menores, que permite el desarrollo de nuestras comunidades a trav\u00e9s de respuestas inmediatas y concretas a las necesidades de la poblaci\u00f3n ya que el mismo fue establecido para que los municipios de segunda categor\u00eda y las comunas pueden solicitar recursos para la construcci\u00f3n de obras y la adquisici\u00f3n de equipamiento y rodados\u201d.<\/p>\n\n\n\n<p>Asimismo, se puede adjudicar en un porcentaje menor en concepto de emergencia, como en el caso de contingencias clim\u00e1ticas\u201d explic\u00f3 el legislador que fue uno de los autores de la Ley consignada.<\/p>\n<!-- AddThis Advanced Settings generic via filter on the_content --><!-- AddThis Share Buttons generic via filter on the_content -->","protected":false},"excerpt":{"rendered":"<p>El Senador Provincial Felipe Michlig, inform\u00f3 que en la \u00faltima reuni\u00f3n de la Comisi\u00f3n de Seguimiento [&hellip;]<!-- AddThis Advanced Settings generic via filter on get_the_excerpt --><!-- AddThis Share Buttons generic via filter on get_the_excerpt --><\/p>\n","protected":false},"author":16,"featured_media":31447,"comment_status":"open","ping_status":"open","sticky":false,"template":"","format":"standard","meta":{"_seopress_robots_primary_cat":"none","_seopress_titles_title":"","_seopress_titles_desc":"","_seopress_robots_index":"","_themeisle_gutenberg_block_has_review":false,"footnotes":""},"categories":[2,5,9,321],"tags":[],"class_list":["post-31445","post","type-post","status-publish","format-standard","has-post-thumbnail","hentry","category-actualidad","category-economia","category-politica","category-san-cristobal"],"_links":{"self":[{"href":"https:\/\/www.almargenweb.com.ar\/web\/wp-json\/wp\/v2\/posts\/31445","targetHints":{"allow":["GET"]}}],"collection":[{"href":"https:\/\/www.almargenweb.com.ar\/web\/wp-json\/wp\/v2\/posts"}],"about":[{"href":"https:\/\/www.almargenweb.com.ar\/web\/wp-json\/wp\/v2\/types\/post"}],"author":[{"embeddable":true,"href":"https:\/\/www.almargenweb.com.ar\/web\/wp-json\/wp\/v2\/users\/16"}],"replies":[{"embeddable":true,"href":"https:\/\/www.almargenweb.com.ar\/web\/wp-json\/wp\/v2\/comments?post=31445"}],"version-history":[{"count":1,"href":"https:\/\/www.almargenweb.com.ar\/web\/wp-json\/wp\/v2\/posts\/31445\/revisions"}],"predecessor-version":[{"id":31448,"href":"https:\/\/www.almargenweb.com.ar\/web\/wp-json\/wp\/v2\/posts\/31445\/revisions\/31448"}],"wp:featuredmedia":[{"embeddable":true,"href":"https:\/\/www.almargenweb.com.ar\/web\/wp-json\/wp\/v2\/media\/31447"}],"wp:attachment":[{"href":"https:\/\/www.almargenweb.com.ar\/web\/wp-json\/wp\/v2\/media?parent=31445"}],"wp:term":[{"taxonomy":"category","embeddable":true,"href":"https:\/\/www.almargenweb.com.ar\/web\/wp-json\/wp\/v2\/categories?post=31445"},{"taxonomy":"post_tag","embeddable":true,"href":"https:\/\/www.almargenweb.com.ar\/web\/wp-json\/wp\/v2\/tags?post=31445"}],"curies":[{"name":"wp","href":"https:\/\/api.w.org\/{rel}","templated":true}]}}