{"id":31316,"date":"2020-12-04T14:20:08","date_gmt":"2020-12-04T17:20:08","guid":{"rendered":"http:\/\/www.almargenweb.com.ar\/web\/?p=31316"},"modified":"2020-12-04T14:20:09","modified_gmt":"2020-12-04T17:20:09","slug":"el-dia-que-franck-ayudo-a-italia-sicilia-y-calabria-agradecieron-la-ayuda-de-los-gringos-italo-argentinos","status":"publish","type":"post","link":"https:\/\/www.almargenweb.com.ar\/web\/el-dia-que-franck-ayudo-a-italia-sicilia-y-calabria-agradecieron-la-ayuda-de-los-gringos-italo-argentinos\/","title":{"rendered":"El d\u00eda que Franck ayud\u00f3 a Italia; Sicilia y Calabria agradecieron la ayuda de los gringos italo-argentinos"},"content":{"rendered":"\n<p>Como se sabe, la primera comisi\u00f3n de fomento se cre\u00f3 en mayo de 1886. Sin embargo, la primer acta data del 1 de enero de 1909. Seg\u00fan consta en las amarillentas hojas, se reunieron Don Bartolom\u00e9 P. Canetti, Don Pablo Caravario y Don Juan Armando Berizzo miembros salientes de la primera Comisi\u00f3n de Fomento y Don Pedro Manfredi, Don Juan Parachiolo y Don Juan Armando Berizzo (reelecto) previa presentaci\u00f3n de sus respectivos nombramientos. As\u00ed, los primeros pon\u00edan en posesi\u00f3n de la comisi\u00f3n a los nuevos miembros.<\/p>\n\n\n\n<figure class=\"wp-block-image size-large is-resized\"><img loading=\"lazy\" decoding=\"async\" src=\"https:\/\/www.almargenweb.com.ar\/web\/wp-content\/uploads\/2020\/12\/descarga-1.jpeg\" alt=\"\" class=\"wp-image-31320\" width=\"533\" height=\"298\"\/><figcaption>El &#8220;Terremoto de Messina y Reggio&#8221; dejo una baja de hasta 200 mil vidas humanas. Cuesta mucho encontrar n\u00fameros exactos de la cat\u00e1strofe.<\/figcaption><\/figure>\n\n\n\n<p>El Acta N\u00ba 2 deja constancia de los nombramientos, se\u00f1alando a Manfredi como el presidente, Parachiolo vice, y Berizzo tesorero. Desde aquella primera Comisi\u00f3n de Fomento nombrada en 26 de mayo de 1886 se sucedieron otras, de accionar necesario, acordando y consensuando acciones a seguir para permitir el normal desarrollo de la comunidad; pero fue reci\u00e9n en 1.909 cuando esas acciones se comienzan a registrar en actas.<\/p>\n\n\n\n<p>Uno de esos registros llama la atenci\u00f3n. El 28 de diciembre de 1908 se produc\u00eda el terremoto de Messina (tambi\u00e9n conocido como el terremoto de Messina y Reggio). Con una magnitud de momento de 7,1 sacudi\u00f3 a Sicilia y Calabria en el sur de Italia. Estas ciudades se vieron casi completamente destruidas y se perdieron entre 75. 000 y 200 .000 vidas humanas.<\/p>\n\n\n\n<figure class=\"wp-block-image size-large\"><img loading=\"lazy\" decoding=\"async\" width=\"949\" height=\"577\" src=\"https:\/\/www.almargenweb.com.ar\/web\/wp-content\/uploads\/2020\/12\/Messina-11-1.jpg\" alt=\"\" class=\"wp-image-31321\" srcset=\"https:\/\/www.almargenweb.com.ar\/web\/wp-content\/uploads\/2020\/12\/Messina-11-1.jpg 949w, https:\/\/www.almargenweb.com.ar\/web\/wp-content\/uploads\/2020\/12\/Messina-11-1-300x182.jpg 300w, https:\/\/www.almargenweb.com.ar\/web\/wp-content\/uploads\/2020\/12\/Messina-11-1-768x467.jpg 768w\" sizes=\"auto, (max-width: 949px) 100vw, 949px\" \/><figcaption>Messina, 1908. La Comisi\u00f3n de Fomento franckina contribuye con la suma de $5m\/n <\/figcaption><\/figure>\n\n\n\n<p>La noticia cal\u00f3 hondo en toda esta comunidad, ya que gran porcentaje de los habitantes eran de nacionalidad italiana. En este contexto, el comisionado Eugenio di Giacomo, encargado de recolectar fondos que ayuden a palear la dif\u00edcil situaci\u00f3n italiana, solicita colaboraci\u00f3n a la comisi\u00f3n de fomento de Franck y esta accede contribuyendo con la suma de $ 5 m\/n imputados a \u201cgastos imprevistos\u201d.<\/p>\n\n\n\n<figure class=\"wp-block-image size-large\"><img loading=\"lazy\" decoding=\"async\" width=\"1024\" height=\"505\" src=\"https:\/\/www.almargenweb.com.ar\/web\/wp-content\/uploads\/2020\/12\/r1Eom1aFVe_1256x620-1024x505.jpg\" alt=\"\" class=\"wp-image-31322\" srcset=\"https:\/\/www.almargenweb.com.ar\/web\/wp-content\/uploads\/2020\/12\/r1Eom1aFVe_1256x620-1024x505.jpg 1024w, https:\/\/www.almargenweb.com.ar\/web\/wp-content\/uploads\/2020\/12\/r1Eom1aFVe_1256x620-300x148.jpg 300w, https:\/\/www.almargenweb.com.ar\/web\/wp-content\/uploads\/2020\/12\/r1Eom1aFVe_1256x620-768x379.jpg 768w, https:\/\/www.almargenweb.com.ar\/web\/wp-content\/uploads\/2020\/12\/r1Eom1aFVe_1256x620.jpg 1200w\" sizes=\"auto, (max-width: 1024px) 100vw, 1024px\" \/><figcaption>El terremoto casi arras\u00f3 la totalidad Mesina. Al menos el 91 % de las estructuras de Mesina fueron destruidas o sufrieron da\u00f1os irreparables. Es considerado unos de los terremotos de mayor intensidad que Italia haya sufrido.<\/figcaption><\/figure>\n\n\n\n<p>No es ning\u00fan descubrimiento recordar que cada colonizador que hab\u00eda llegado a estas latitudes abandonaba su patria. Comenzaban a echar ra\u00edces en estas polvorientas latitudes pero parte de su coraz\u00f3n no olvidaba y segu\u00eda latiendo por su tierra natal. En el Acta N\u00ba 3 de la Comisi\u00f3n de Fomento, qued\u00f3 grabado este claro ejemplo de hermanamiento social-asistencial, un antecedente solidario y fraterno que fluye como sabia en los lazos hist\u00f3ricos generaci\u00f3n tras generaci\u00f3n.<\/p>\n<!-- AddThis Advanced Settings generic via filter on the_content --><!-- AddThis Share Buttons generic via filter on the_content -->","protected":false},"excerpt":{"rendered":"<p>Como se sabe, la primera comisi\u00f3n de fomento se cre\u00f3 en mayo de 1886. Sin embargo, [&hellip;]<!-- AddThis Advanced Settings generic via filter on get_the_excerpt --><!-- AddThis Share Buttons generic via filter on get_the_excerpt --><\/p>\n","protected":false},"author":16,"featured_media":31318,"comment_status":"open","ping_status":"open","sticky":false,"template":"","format":"standard","meta":{"_seopress_robots_primary_cat":"none","_seopress_titles_title":"","_seopress_titles_desc":"","_seopress_robots_index":"","_themeisle_gutenberg_block_has_review":false,"footnotes":""},"categories":[3,20,19,21],"tags":[],"class_list":["post-31316","post","type-post","status-publish","format-standard","has-post-thumbnail","hentry","category-cultura","category-departamentales","category-educacion","category-las-colonias"],"_links":{"self":[{"href":"https:\/\/www.almargenweb.com.ar\/web\/wp-json\/wp\/v2\/posts\/31316","targetHints":{"allow":["GET"]}}],"collection":[{"href":"https:\/\/www.almargenweb.com.ar\/web\/wp-json\/wp\/v2\/posts"}],"about":[{"href":"https:\/\/www.almargenweb.com.ar\/web\/wp-json\/wp\/v2\/types\/post"}],"author":[{"embeddable":true,"href":"https:\/\/www.almargenweb.com.ar\/web\/wp-json\/wp\/v2\/users\/16"}],"replies":[{"embeddable":true,"href":"https:\/\/www.almargenweb.com.ar\/web\/wp-json\/wp\/v2\/comments?post=31316"}],"version-history":[{"count":2,"href":"https:\/\/www.almargenweb.com.ar\/web\/wp-json\/wp\/v2\/posts\/31316\/revisions"}],"predecessor-version":[{"id":31324,"href":"https:\/\/www.almargenweb.com.ar\/web\/wp-json\/wp\/v2\/posts\/31316\/revisions\/31324"}],"wp:featuredmedia":[{"embeddable":true,"href":"https:\/\/www.almargenweb.com.ar\/web\/wp-json\/wp\/v2\/media\/31318"}],"wp:attachment":[{"href":"https:\/\/www.almargenweb.com.ar\/web\/wp-json\/wp\/v2\/media?parent=31316"}],"wp:term":[{"taxonomy":"category","embeddable":true,"href":"https:\/\/www.almargenweb.com.ar\/web\/wp-json\/wp\/v2\/categories?post=31316"},{"taxonomy":"post_tag","embeddable":true,"href":"https:\/\/www.almargenweb.com.ar\/web\/wp-json\/wp\/v2\/tags?post=31316"}],"curies":[{"name":"wp","href":"https:\/\/api.w.org\/{rel}","templated":true}]}}