{"id":31274,"date":"2020-12-03T10:21:19","date_gmt":"2020-12-03T13:21:19","guid":{"rendered":"http:\/\/www.almargenweb.com.ar\/web\/?p=31274"},"modified":"2020-12-03T12:58:49","modified_gmt":"2020-12-03T15:58:49","slug":"diciembre-hace-19-anos-de-la-rua-inauguraba-el-corralito","status":"publish","type":"post","link":"https:\/\/www.almargenweb.com.ar\/web\/diciembre-hace-19-anos-de-la-rua-inauguraba-el-corralito\/","title":{"rendered":"Diciembre 2001, hace 19 a\u00f1os, De la R\u00faa inauguraba el &#8220;corralito&#8221;"},"content":{"rendered":"\n<p>Hace diecinueve a\u00f1os comenzaba una de las etapas m\u00e1s oscuras para la econom\u00eda y la pol\u00edtica argentina. El 3 de diciembre de 2001, Argentina se enfrent\u00f3 a un &#8220;corralito&#8221;, decretado por Fernando de la R\u00faa. De esta forma, el presidente y su ministro de Econom\u00eda, Domingo Cavallo, ser\u00edan recordados por generaciones que perdieron gran parte de sus ahorros.<\/p>\n\n\n\n<figure class=\"wp-block-image size-large\"><img loading=\"lazy\" decoding=\"async\" width=\"500\" height=\"368\" src=\"https:\/\/www.almargenweb.com.ar\/web\/wp-content\/uploads\/2020\/12\/262619316-corralito-argentina.jpg_646271769.jpg\" alt=\"\" class=\"wp-image-31277\" srcset=\"https:\/\/www.almargenweb.com.ar\/web\/wp-content\/uploads\/2020\/12\/262619316-corralito-argentina.jpg_646271769.jpg 500w, https:\/\/www.almargenweb.com.ar\/web\/wp-content\/uploads\/2020\/12\/262619316-corralito-argentina.jpg_646271769-300x221.jpg 300w\" sizes=\"auto, (max-width: 500px) 100vw, 500px\" \/><figcaption>Los bancos no dispon\u00edan de la movilidad econ\u00f3mica que pretend\u00edan sus clientes; no ten\u00edan el dinero disponible.<\/figcaption><\/figure>\n\n\n\n<p>En concreto, el corralito supone la limitaci\u00f3n del Gobierno a la libertad para disponer del dinero en efectivo depositado en las entidades bancarias por parte de los titulares de las cuentas. Adem\u00e1s, tampoco permite movimientos financieros, como las transferencias al extranjero.<\/p>\n\n\n\n<p>Bajo el peso de una grave crisis de deuda, de unos 100.000 millones de d\u00f3lares, provocada por una pol\u00edtica de sobreendeudamiento, que degener\u00f3 en una falta de liquidez y una masiva fuga de capitales, en los 11 primeros meses de 2001 se retiraron 18.000 millones de d\u00f3lares de las cuentas bancarias, debido a la enorme desconfianza de los ciudadanos en la solidez de las entidades.<\/p>\n\n\n\n<figure class=\"wp-block-image size-large\"><img loading=\"lazy\" decoding=\"async\" width=\"1024\" height=\"577\" src=\"https:\/\/www.almargenweb.com.ar\/web\/wp-content\/uploads\/2020\/12\/1265000-1024x577.jpeg\" alt=\"\" class=\"wp-image-31278\" srcset=\"https:\/\/www.almargenweb.com.ar\/web\/wp-content\/uploads\/2020\/12\/1265000-1024x577.jpeg 1024w, https:\/\/www.almargenweb.com.ar\/web\/wp-content\/uploads\/2020\/12\/1265000-300x169.jpeg 300w, https:\/\/www.almargenweb.com.ar\/web\/wp-content\/uploads\/2020\/12\/1265000-768x433.jpeg 768w, https:\/\/www.almargenweb.com.ar\/web\/wp-content\/uploads\/2020\/12\/1265000.jpeg 1200w\" sizes=\"auto, (max-width: 1024px) 100vw, 1024px\" \/><figcaption>Diciembre tr\u00e1gico; la peor crisis econ\u00f3mica y social que hab\u00eda atravesado la Argentina llevo a la renuncia de De la Rua y la sucesi\u00f3n de 5 presidentes en 11 d\u00edas.<\/figcaption><\/figure>\n\n\n\n<p>A partir de la gravedad de la situaci\u00f3n, el primer d\u00eda de diciembre de 2001, Cavallo anunci\u00f3 las restricciones para retirar el dinero que los ciudadanos ten\u00edan depositados en cuentas corrientes y cajas de ahorro, es decir, el cierre bancario. El corralito como medida de emergencia comenz\u00f3 con la limitaci\u00f3n a 250 d\u00f3lares de retirada, pero termin\u00f3 con la restricci\u00f3n total y con la congelaci\u00f3n de los dep\u00f3sitos de ahorradores.<\/p>\n\n\n\n<figure class=\"wp-block-image size-large\"><img loading=\"lazy\" decoding=\"async\" width=\"470\" height=\"313\" src=\"https:\/\/www.almargenweb.com.ar\/web\/wp-content\/uploads\/2020\/12\/1322664968_1.jpg\" alt=\"\" class=\"wp-image-31280\" srcset=\"https:\/\/www.almargenweb.com.ar\/web\/wp-content\/uploads\/2020\/12\/1322664968_1.jpg 470w, https:\/\/www.almargenweb.com.ar\/web\/wp-content\/uploads\/2020\/12\/1322664968_1-300x200.jpg 300w\" sizes=\"auto, (max-width: 470px) 100vw, 470px\" \/><figcaption>Miles de ahorristas afectados, se agolpaban en los bancos. nunca hubo devolucion de dolares, <\/figcaption><\/figure>\n\n\n\n<p>La dr\u00e1stica decisi\u00f3n llev\u00f3 a semanas de caos entre protestas y represiones policiales, que acabaron con la vida de varias personas. Como consecuencia, el 20 de diciembre de 2001, De la R\u00faa decidi\u00f3 salir volando en su helic\u00f3ptero y abandonar el poder.<\/p>\n\n\n\n<p>Algunos ubican el origen de la crisis argentina en el gobierno de Carlos Menem, quien impuls\u00f3 la famosa convertibilidad, equiparando el valor del peso argentino al d\u00f3lar, , provocando una reacci\u00f3n en la competitividad de la econom\u00eda argentina. Lo cierto es que el pa\u00eds se encontraba sumido en una grave recesi\u00f3n desde hacia a\u00f1os y, a pesar de los intentos desesperados de la coalici\u00f3n La Alianza, formada por la Uni\u00f3n C\u00edvica Radical y el Frente Pa\u00eds Solidario, para evitar el colapso de la econom\u00eda argentina, el resultado fue un aumento de la deuda.<\/p>\n<!-- AddThis Advanced Settings generic via filter on the_content --><!-- AddThis Share Buttons generic via filter on the_content -->","protected":false},"excerpt":{"rendered":"<p>Hace diecinueve a\u00f1os comenzaba una de las etapas m\u00e1s oscuras para la econom\u00eda y la pol\u00edtica [&hellip;]<!-- AddThis Advanced Settings generic via filter on get_the_excerpt --><!-- AddThis Share Buttons generic via filter on get_the_excerpt --><\/p>\n","protected":false},"author":16,"featured_media":31276,"comment_status":"open","ping_status":"open","sticky":false,"template":"","format":"standard","meta":{"_seopress_robots_primary_cat":"none","_seopress_titles_title":"","_seopress_titles_desc":"","_seopress_robots_index":"","_themeisle_gutenberg_block_has_review":false,"footnotes":""},"categories":[1],"tags":[],"class_list":["post-31274","post","type-post","status-publish","format-standard","has-post-thumbnail","hentry","category-sin-categoria"],"_links":{"self":[{"href":"https:\/\/www.almargenweb.com.ar\/web\/wp-json\/wp\/v2\/posts\/31274","targetHints":{"allow":["GET"]}}],"collection":[{"href":"https:\/\/www.almargenweb.com.ar\/web\/wp-json\/wp\/v2\/posts"}],"about":[{"href":"https:\/\/www.almargenweb.com.ar\/web\/wp-json\/wp\/v2\/types\/post"}],"author":[{"embeddable":true,"href":"https:\/\/www.almargenweb.com.ar\/web\/wp-json\/wp\/v2\/users\/16"}],"replies":[{"embeddable":true,"href":"https:\/\/www.almargenweb.com.ar\/web\/wp-json\/wp\/v2\/comments?post=31274"}],"version-history":[{"count":2,"href":"https:\/\/www.almargenweb.com.ar\/web\/wp-json\/wp\/v2\/posts\/31274\/revisions"}],"predecessor-version":[{"id":31285,"href":"https:\/\/www.almargenweb.com.ar\/web\/wp-json\/wp\/v2\/posts\/31274\/revisions\/31285"}],"wp:featuredmedia":[{"embeddable":true,"href":"https:\/\/www.almargenweb.com.ar\/web\/wp-json\/wp\/v2\/media\/31276"}],"wp:attachment":[{"href":"https:\/\/www.almargenweb.com.ar\/web\/wp-json\/wp\/v2\/media?parent=31274"}],"wp:term":[{"taxonomy":"category","embeddable":true,"href":"https:\/\/www.almargenweb.com.ar\/web\/wp-json\/wp\/v2\/categories?post=31274"},{"taxonomy":"post_tag","embeddable":true,"href":"https:\/\/www.almargenweb.com.ar\/web\/wp-json\/wp\/v2\/tags?post=31274"}],"curies":[{"name":"wp","href":"https:\/\/api.w.org\/{rel}","templated":true}]}}