{"id":31213,"date":"2020-12-02T10:23:30","date_gmt":"2020-12-02T13:23:30","guid":{"rendered":"http:\/\/www.almargenweb.com.ar\/web\/?p=31213"},"modified":"2020-12-02T10:42:45","modified_gmt":"2020-12-02T13:42:45","slug":"restauracion-de-una-pintura-historica-en-la-capilla-de-san-jeronimo-del-sauce","status":"publish","type":"post","link":"https:\/\/www.almargenweb.com.ar\/web\/restauracion-de-una-pintura-historica-en-la-capilla-de-san-jeronimo-del-sauce\/","title":{"rendered":"Restauraci\u00f3n de una pintura hist\u00f3rica en la Capilla de San Jer\u00f3nimo del Sauce"},"content":{"rendered":"\n<p>En el marco de los trabajos de restauraci\u00f3n de la hist\u00f3rica Capilla de San Jer\u00f3nimo del Sauce, la que fue declarada Patrimonio Hist\u00f3rico Nacional, se logro recuperar una obra emblem\u00e1tica para la cultura y arte religioso.<\/p>\n\n\n\n<p>El restaurador santafesino Mauro Fornari fue el encargado de recuperar la pintura &#8220;La venida del esp\u00edritu santo&#8221; que desde el ano 1929 se ubica detr\u00e1s del atar principal de la capilla.<\/p>\n\n\n\n<figure class=\"wp-block-image size-large\"><img loading=\"lazy\" decoding=\"async\" width=\"1024\" height=\"679\" src=\"https:\/\/www.almargenweb.com.ar\/web\/wp-content\/uploads\/2020\/12\/Screenshot_2020-12-02-09-26-06-478_com.android.chrome-01-1024x679.jpeg\" alt=\"\" class=\"wp-image-31216\" srcset=\"https:\/\/www.almargenweb.com.ar\/web\/wp-content\/uploads\/2020\/12\/Screenshot_2020-12-02-09-26-06-478_com.android.chrome-01-1024x679.jpeg 1024w, https:\/\/www.almargenweb.com.ar\/web\/wp-content\/uploads\/2020\/12\/Screenshot_2020-12-02-09-26-06-478_com.android.chrome-01-300x199.jpeg 300w, https:\/\/www.almargenweb.com.ar\/web\/wp-content\/uploads\/2020\/12\/Screenshot_2020-12-02-09-26-06-478_com.android.chrome-01-768x509.jpeg 768w, https:\/\/www.almargenweb.com.ar\/web\/wp-content\/uploads\/2020\/12\/Screenshot_2020-12-02-09-26-06-478_com.android.chrome-01.jpeg 1045w\" sizes=\"auto, (max-width: 1024px) 100vw, 1024px\" \/><figcaption>&#8220;La venida del Esp\u00edritu Santo&#8221; data del ano 1929, asentada sobre barro, obra restaurada por  el santafesino Mauro Fornari.<\/figcaption><\/figure>\n\n\n\n<p>El arquitecto Hector Sattler, quien inspecciona la obra en la Capilla y el sacerdote Jorge Montini convocaron a Fornari para los trabajos de restauraci\u00f3n.<\/p>\n\n\n\n<p>Fornari tiene larga data en trabajos relacionados al arte eclesi\u00e1stico; su paso por la iglesia de San Ignacio de Loyola, en Roma (&#8220;La gloria de San Ignacio de Loyola&#8221; de A.Pozzo)  y la recuperaci\u00f3n de arte en los Foros Imperiales, en las catacumbas de los Santos &#8220;Marcellino e Pietro&#8221; son algunos de sus trabajos mas importantes en Italia.<\/p>\n\n\n\n<figure class=\"wp-block-image size-large is-resized\"><img loading=\"lazy\" decoding=\"async\" src=\"https:\/\/www.almargenweb.com.ar\/web\/wp-content\/uploads\/2020\/12\/Santo_Inacio_-_Roma-1.jpg\" alt=\"\" class=\"wp-image-31218\" width=\"409\" height=\"426\" srcset=\"https:\/\/www.almargenweb.com.ar\/web\/wp-content\/uploads\/2020\/12\/Santo_Inacio_-_Roma-1.jpg 761w, https:\/\/www.almargenweb.com.ar\/web\/wp-content\/uploads\/2020\/12\/Santo_Inacio_-_Roma-1-288x300.jpg 288w\" sizes=\"auto, (max-width: 409px) 100vw, 409px\" \/><figcaption>Fornari trabaj\u00f3 en la recuperaci\u00f3n de &#8220;La gloria de San Ignacio de Loyola&#8221; en Roma.<\/figcaption><\/figure>\n\n\n\n<p>El restaurador explico que &#8220;las patolog\u00edas mas importantes que presentaba esta obra era el desprendimiento y la disociaci\u00f3n entre el soporte y la pared de barro&#8221; Fornari tambi\u00e9n explico que dicho desprendimiento es producto de los agentes clim\u00e1ticos a trav\u00e9s del paso del tiempo.<\/p>\n\n\n\n<figure class=\"wp-block-image size-large\"><img loading=\"lazy\" decoding=\"async\" width=\"1024\" height=\"573\" src=\"https:\/\/www.almargenweb.com.ar\/web\/wp-content\/uploads\/2020\/12\/Clipboard0141-1024x573.jpg\" alt=\"\" class=\"wp-image-31219\" srcset=\"https:\/\/www.almargenweb.com.ar\/web\/wp-content\/uploads\/2020\/12\/Clipboard0141-1024x573.jpg 1024w, https:\/\/www.almargenweb.com.ar\/web\/wp-content\/uploads\/2020\/12\/Clipboard0141-300x168.jpg 300w, https:\/\/www.almargenweb.com.ar\/web\/wp-content\/uploads\/2020\/12\/Clipboard0141-768x430.jpg 768w, https:\/\/www.almargenweb.com.ar\/web\/wp-content\/uploads\/2020\/12\/Clipboard0141.jpg 1200w\" sizes=\"auto, (max-width: 1024px) 100vw, 1024px\" \/><figcaption>Interior de la Capilla San Jer\u00f3nimo.<\/figcaption><\/figure>\n\n\n\n<p>Los trabajos que se realizaron fueron de limpieza, la consolidaci\u00f3n, el estucado, con la composici\u00f3n de faltantes y el retoque, osea &#8220;la reintegraci\u00f3n crom\u00e1tica&#8221;. <\/p>\n\n\n\n<p><\/p>\n<!-- AddThis Advanced Settings generic via filter on the_content --><!-- AddThis Share Buttons generic via filter on the_content -->","protected":false},"excerpt":{"rendered":"<p>En el marco de los trabajos de restauraci\u00f3n de la hist\u00f3rica Capilla de San Jer\u00f3nimo del [&hellip;]<!-- AddThis Advanced Settings generic via filter on get_the_excerpt --><!-- AddThis Share Buttons generic via filter on get_the_excerpt --><\/p>\n","protected":false},"author":16,"featured_media":31215,"comment_status":"open","ping_status":"open","sticky":false,"template":"","format":"standard","meta":{"_seopress_robots_primary_cat":"none","_seopress_titles_title":"","_seopress_titles_desc":"","_seopress_robots_index":"","_themeisle_gutenberg_block_has_review":false,"footnotes":""},"categories":[2,3,21],"tags":[],"class_list":["post-31213","post","type-post","status-publish","format-standard","has-post-thumbnail","hentry","category-actualidad","category-cultura","category-las-colonias"],"_links":{"self":[{"href":"https:\/\/www.almargenweb.com.ar\/web\/wp-json\/wp\/v2\/posts\/31213","targetHints":{"allow":["GET"]}}],"collection":[{"href":"https:\/\/www.almargenweb.com.ar\/web\/wp-json\/wp\/v2\/posts"}],"about":[{"href":"https:\/\/www.almargenweb.com.ar\/web\/wp-json\/wp\/v2\/types\/post"}],"author":[{"embeddable":true,"href":"https:\/\/www.almargenweb.com.ar\/web\/wp-json\/wp\/v2\/users\/16"}],"replies":[{"embeddable":true,"href":"https:\/\/www.almargenweb.com.ar\/web\/wp-json\/wp\/v2\/comments?post=31213"}],"version-history":[{"count":2,"href":"https:\/\/www.almargenweb.com.ar\/web\/wp-json\/wp\/v2\/posts\/31213\/revisions"}],"predecessor-version":[{"id":31223,"href":"https:\/\/www.almargenweb.com.ar\/web\/wp-json\/wp\/v2\/posts\/31213\/revisions\/31223"}],"wp:featuredmedia":[{"embeddable":true,"href":"https:\/\/www.almargenweb.com.ar\/web\/wp-json\/wp\/v2\/media\/31215"}],"wp:attachment":[{"href":"https:\/\/www.almargenweb.com.ar\/web\/wp-json\/wp\/v2\/media?parent=31213"}],"wp:term":[{"taxonomy":"category","embeddable":true,"href":"https:\/\/www.almargenweb.com.ar\/web\/wp-json\/wp\/v2\/categories?post=31213"},{"taxonomy":"post_tag","embeddable":true,"href":"https:\/\/www.almargenweb.com.ar\/web\/wp-json\/wp\/v2\/tags?post=31213"}],"curies":[{"name":"wp","href":"https:\/\/api.w.org\/{rel}","templated":true}]}}