{"id":31196,"date":"2020-12-01T17:28:34","date_gmt":"2020-12-01T20:28:34","guid":{"rendered":"http:\/\/www.almargenweb.com.ar\/web\/?p=31196"},"modified":"2020-12-01T17:28:35","modified_gmt":"2020-12-01T20:28:35","slug":"el-coro-vocal-de-la-fave-festeja-sus-10-anos-de-vida-con-un-video-institucional","status":"publish","type":"post","link":"https:\/\/www.almargenweb.com.ar\/web\/el-coro-vocal-de-la-fave-festeja-sus-10-anos-de-vida-con-un-video-institucional\/","title":{"rendered":"El coro vocal de la FAVE festeja sus 10 a\u00f1os de vida con un video institucional."},"content":{"rendered":"\n<p>El coro de la Facultad de Ciencias Veterinarias, se form\u00f3 en mayo de 2011, bajo la direcci\u00f3n del Profesor Jos\u00e9 Mar\u00eda Rudolf, como parte de la iniciativa de creaci\u00f3n de un Liceo Cultural en las facultades de Ciencias Agrarias y Ciencias Veterinarias, dependientes de la Universidad Nacional del Litoral. La mayor\u00eda de sus integrantes son alumnos de ambas carreras.<\/p>\n\n\n\n<p>En sus diez a\u00f1os de vida ha realizado presentaciones tanto en \u00e1mbitos universitarios, as\u00ed tambi\u00e9n en distintos festivales culturales de la regi\u00f3n y viajes a E. R\u00edos, Mar del Plata, Salta y C\u00f3rdoba. As\u00ed mismo cuentan en su haber participaciones con los coros Comunales de Sarmiento y Franck.<\/p>\n\n\n\n<p>En conmemoraci\u00f3n a estos diez anos de vida, el coro realizo una producci\u00f3n audiovisual interpretando la canci\u00f3n &#8220;You rise me up&#8221;<\/p>\n\n\n\n<figure class=\"wp-block-embed-youtube wp-block-embed is-type-video is-provider-youtube wp-embed-aspect-16-9 wp-has-aspect-ratio\"><div class=\"wp-block-embed__wrapper\">\n<iframe loading=\"lazy\" title=\"Coro FAVE  &quot;You raise me up&quot;\" width=\"640\" height=\"360\" src=\"https:\/\/www.youtube.com\/embed\/vioRLGPwbQM?feature=oembed\" frameborder=\"0\" allow=\"accelerometer; autoplay; clipboard-write; encrypted-media; gyroscope; picture-in-picture; web-share\" referrerpolicy=\"strict-origin-when-cross-origin\" allowfullscreen><\/iframe>\n<\/div><\/figure>\n<!-- AddThis Advanced Settings generic via filter on the_content --><!-- AddThis Share Buttons generic via filter on the_content -->","protected":false},"excerpt":{"rendered":"<p>El coro de la Facultad de Ciencias Veterinarias, se form\u00f3 en mayo de 2011, bajo la [&hellip;]<!-- AddThis Advanced Settings generic via filter on get_the_excerpt --><!-- AddThis Share Buttons generic via filter on get_the_excerpt --><\/p>\n","protected":false},"author":16,"featured_media":31198,"comment_status":"open","ping_status":"open","sticky":false,"template":"","format":"standard","meta":{"_seopress_robots_primary_cat":"none","_seopress_titles_title":"","_seopress_titles_desc":"","_seopress_robots_index":"","_themeisle_gutenberg_block_has_review":false,"footnotes":""},"categories":[3,47],"tags":[],"class_list":["post-31196","post","type-post","status-publish","format-standard","has-post-thumbnail","hentry","category-cultura","category-locales"],"_links":{"self":[{"href":"https:\/\/www.almargenweb.com.ar\/web\/wp-json\/wp\/v2\/posts\/31196","targetHints":{"allow":["GET"]}}],"collection":[{"href":"https:\/\/www.almargenweb.com.ar\/web\/wp-json\/wp\/v2\/posts"}],"about":[{"href":"https:\/\/www.almargenweb.com.ar\/web\/wp-json\/wp\/v2\/types\/post"}],"author":[{"embeddable":true,"href":"https:\/\/www.almargenweb.com.ar\/web\/wp-json\/wp\/v2\/users\/16"}],"replies":[{"embeddable":true,"href":"https:\/\/www.almargenweb.com.ar\/web\/wp-json\/wp\/v2\/comments?post=31196"}],"version-history":[{"count":1,"href":"https:\/\/www.almargenweb.com.ar\/web\/wp-json\/wp\/v2\/posts\/31196\/revisions"}],"predecessor-version":[{"id":31199,"href":"https:\/\/www.almargenweb.com.ar\/web\/wp-json\/wp\/v2\/posts\/31196\/revisions\/31199"}],"wp:featuredmedia":[{"embeddable":true,"href":"https:\/\/www.almargenweb.com.ar\/web\/wp-json\/wp\/v2\/media\/31198"}],"wp:attachment":[{"href":"https:\/\/www.almargenweb.com.ar\/web\/wp-json\/wp\/v2\/media?parent=31196"}],"wp:term":[{"taxonomy":"category","embeddable":true,"href":"https:\/\/www.almargenweb.com.ar\/web\/wp-json\/wp\/v2\/categories?post=31196"},{"taxonomy":"post_tag","embeddable":true,"href":"https:\/\/www.almargenweb.com.ar\/web\/wp-json\/wp\/v2\/tags?post=31196"}],"curies":[{"name":"wp","href":"https:\/\/api.w.org\/{rel}","templated":true}]}}