{"id":31188,"date":"2020-12-01T13:39:17","date_gmt":"2020-12-01T16:39:17","guid":{"rendered":"http:\/\/www.almargenweb.com.ar\/web\/?p=31188"},"modified":"2020-12-01T12:04:24","modified_gmt":"2020-12-01T15:04:24","slug":"franck-el-archivo-historico-recordo-el-centenario-de-la-escuela-numero-321","status":"publish","type":"post","link":"https:\/\/www.almargenweb.com.ar\/web\/franck-el-archivo-historico-recordo-el-centenario-de-la-escuela-numero-321\/","title":{"rendered":"Franck; el Archivo Hist\u00f3rico record\u00f3 el centenario de la escuela N\u00famero 321."},"content":{"rendered":"\n<p>Para celebrar el centenario de la fundaci\u00f3n de la Escuela &#8220;Joaqu\u00edn V. Gonz\u00e1lez&#8221;, se organizaron diversos actos y eventos alusivos que contaron con el apoyo y labor de la Asociaci\u00f3n Cooperadora, el Club de Madres, Centro de Ex alumnos, Biblioteca P\u00fablica, Comuna, padres y vecinos de la localidad.<\/p>\n\n\n\n<p><br>Se exhibieron paneles que evidenciaron destacados trabajos de investigaci\u00f3n y fue el medio m\u00e1s favorable de introducir a los ni\u00f1os en el ambiente de las ciencias. La muestra mereci\u00f3 sinceros elogios de quienes la visitaron.<\/p>\n\n\n\n<figure class=\"wp-block-image size-large\"><img loading=\"lazy\" decoding=\"async\" width=\"1024\" height=\"614\" src=\"https:\/\/www.almargenweb.com.ar\/web\/wp-content\/uploads\/2020\/12\/128511156_186975133091701_4988786196891969981_o-1024x614.jpg\" alt=\"\" class=\"wp-image-31191\" srcset=\"https:\/\/www.almargenweb.com.ar\/web\/wp-content\/uploads\/2020\/12\/128511156_186975133091701_4988786196891969981_o-1024x614.jpg 1024w, https:\/\/www.almargenweb.com.ar\/web\/wp-content\/uploads\/2020\/12\/128511156_186975133091701_4988786196891969981_o-300x180.jpg 300w, https:\/\/www.almargenweb.com.ar\/web\/wp-content\/uploads\/2020\/12\/128511156_186975133091701_4988786196891969981_o-768x461.jpg 768w, https:\/\/www.almargenweb.com.ar\/web\/wp-content\/uploads\/2020\/12\/128511156_186975133091701_4988786196891969981_o.jpg 1200w\" sizes=\"auto, (max-width: 1024px) 100vw, 1024px\" \/><figcaption>Patio de la Escuela N\u00famero 321, foto perteneciente al Archivo Hist\u00f3rico de franck, 1948.<\/figcaption><\/figure>\n\n\n\n<p><br>La Biblioteca P\u00fablica organiz\u00f3 un festival que cont\u00f3 con la presencia de un conjunto musical y el Liceo Municipal, ambos de Esperanza, n\u00fameros musicales y gimn\u00e1sticos preparados por los maestros. Tambi\u00e9n se present\u00f3 con el apoyo de la Biblioteca, en el sal\u00f3n de La Fraternal un audiovisual del Dr. Mart\u00edn de la Pe\u00f1a sobre las aves de la regi\u00f3n y sus costumbres que concitaron el inter\u00e9s de los presentes. Seguidamente se realiz\u00f3 un concurso de preguntas y respuestas sobre la historia de la escuela con la participaci\u00f3n de los alumnos del establecimiento.<\/p>\n\n\n\n<p><br>La Comuna Local y la Direcci\u00f3n Provincial de Turismo adhirieron a los festejos brindando una exposici\u00f3n audiovisual sobre la Fiesta Provincial de la Flor y como cierre actu\u00f3 el conjunto Los Fortineros.<br>Al igual que directores y ex directores de la escuela y de escuelas vecinas, ex docentes y ex alumnos de distintos puntos del pa\u00eds que rememoraron con l\u00e1grimas de emoci\u00f3n los momentos vividos al amparo de la ahora centenaria escuela.<br>En el plano administrativo, el 1 de julio de 1974 por Expte. N 200\/217\/74, se crea un cargo de vicedirectora nombr\u00e1ndose a la Srta. Lelia V\u00e1zquez. <\/p>\n\n\n\n<figure class=\"wp-block-image size-large\"><img loading=\"lazy\" decoding=\"async\" width=\"1024\" height=\"614\" src=\"https:\/\/www.almargenweb.com.ar\/web\/wp-content\/uploads\/2020\/12\/128092971_185400599915821_4721006662854708914_o-1024x614.jpg\" alt=\"\" class=\"wp-image-31192\" srcset=\"https:\/\/www.almargenweb.com.ar\/web\/wp-content\/uploads\/2020\/12\/128092971_185400599915821_4721006662854708914_o-1024x614.jpg 1024w, https:\/\/www.almargenweb.com.ar\/web\/wp-content\/uploads\/2020\/12\/128092971_185400599915821_4721006662854708914_o-300x180.jpg 300w, https:\/\/www.almargenweb.com.ar\/web\/wp-content\/uploads\/2020\/12\/128092971_185400599915821_4721006662854708914_o-768x461.jpg 768w, https:\/\/www.almargenweb.com.ar\/web\/wp-content\/uploads\/2020\/12\/128092971_185400599915821_4721006662854708914_o.jpg 1200w\" sizes=\"auto, (max-width: 1024px) 100vw, 1024px\" \/><figcaption>Primer edificio de la Escuela N\u00famero 321.<\/figcaption><\/figure>\n\n\n\n<p>El 6 de diciembre de 1974 se inauguran dos nuevas aulas, sala de maestros y ba\u00f1os. Por Expte. N\u00ba 200\/673\/75, se asigna un nuevo cargo de preescolar.<br>El 6 de diciembre de 1976 se vuelve a desdoblar el 1er grado. Por ello se solicit\u00f3 la asignaci\u00f3n de otro cargo de maestro de grado y 4 especiales. <\/p>\n\n\n\n<figure class=\"wp-block-image size-large\"><img loading=\"lazy\" decoding=\"async\" width=\"1024\" height=\"683\" src=\"https:\/\/www.almargenweb.com.ar\/web\/wp-content\/uploads\/2020\/12\/128790005_188581652931049_4443382130512110060_o-1024x683.jpg\" alt=\"\" class=\"wp-image-31193\" srcset=\"https:\/\/www.almargenweb.com.ar\/web\/wp-content\/uploads\/2020\/12\/128790005_188581652931049_4443382130512110060_o-1024x683.jpg 1024w, https:\/\/www.almargenweb.com.ar\/web\/wp-content\/uploads\/2020\/12\/128790005_188581652931049_4443382130512110060_o-300x200.jpg 300w, https:\/\/www.almargenweb.com.ar\/web\/wp-content\/uploads\/2020\/12\/128790005_188581652931049_4443382130512110060_o-768x512.jpg 768w, https:\/\/www.almargenweb.com.ar\/web\/wp-content\/uploads\/2020\/12\/128790005_188581652931049_4443382130512110060_o.jpg 1200w\" sizes=\"auto, (max-width: 1024px) 100vw, 1024px\" \/><figcaption>Programa de \u00e9poca detallando actividades.<\/figcaption><\/figure>\n\n\n\n<p>El Censo Escolar permanente da un total de 325 alumnos. La escuela ha sufrido una sorprendente transformaci\u00f3n, ejemplo de lo que puede un pueblo cuando avanza unido.<br>En julio de 1977 se proyecta la construcci\u00f3n de dos aulas en el sector sur, pabell\u00f3n sanitario, techado y cerramiento del patio interno. Con el apoyo del Club de Madres realizando beneficios que ingresaban a Asociaci\u00f3n Cooperadora, la colaboraci\u00f3n de la Comuna, empresas, comercios, instituciones y los padres entre quienes hicieron aportes econ\u00f3micos (materiales o dinero en efectivo) y los que donaron horas de trabajo en oficios especializados; se inician las obras que fueron desarroll\u00e1ndose acorde como se obten\u00edan los recursos para solventarla.<br>En el a\u00f1o 1978 se construye un play\u00f3n de deportes en el patio sector este. En el Taller de Carpinter\u00eda se produce el traslado del se\u00f1or Lovino y asume Telmo Erni (hasta 1981).<br>En el a\u00f1o 1979 se recibe el aporte econ\u00f3mico del Gob. Provincial que fuera solicitado en 1977. Al mismo tiempo se realizan tareas de mantenimiento y refacciones varias en el edificio, cuyo estado reflejaba el paso del tiempo.<\/p>\n<!-- AddThis Advanced Settings generic via filter on the_content --><!-- AddThis Share Buttons generic via filter on the_content -->","protected":false},"excerpt":{"rendered":"<p>Para celebrar el centenario de la fundaci\u00f3n de la Escuela &#8220;Joaqu\u00edn V. Gonz\u00e1lez&#8221;, se organizaron diversos [&hellip;]<!-- AddThis Advanced Settings generic via filter on get_the_excerpt --><!-- AddThis Share Buttons generic via filter on get_the_excerpt --><\/p>\n","protected":false},"author":16,"featured_media":31190,"comment_status":"open","ping_status":"open","sticky":false,"template":"","format":"standard","meta":{"_seopress_robots_primary_cat":"none","_seopress_titles_title":"","_seopress_titles_desc":"","_seopress_robots_index":"","_themeisle_gutenberg_block_has_review":false,"footnotes":""},"categories":[3,20,21],"tags":[],"class_list":["post-31188","post","type-post","status-publish","format-standard","has-post-thumbnail","hentry","category-cultura","category-departamentales","category-las-colonias"],"_links":{"self":[{"href":"https:\/\/www.almargenweb.com.ar\/web\/wp-json\/wp\/v2\/posts\/31188","targetHints":{"allow":["GET"]}}],"collection":[{"href":"https:\/\/www.almargenweb.com.ar\/web\/wp-json\/wp\/v2\/posts"}],"about":[{"href":"https:\/\/www.almargenweb.com.ar\/web\/wp-json\/wp\/v2\/types\/post"}],"author":[{"embeddable":true,"href":"https:\/\/www.almargenweb.com.ar\/web\/wp-json\/wp\/v2\/users\/16"}],"replies":[{"embeddable":true,"href":"https:\/\/www.almargenweb.com.ar\/web\/wp-json\/wp\/v2\/comments?post=31188"}],"version-history":[{"count":1,"href":"https:\/\/www.almargenweb.com.ar\/web\/wp-json\/wp\/v2\/posts\/31188\/revisions"}],"predecessor-version":[{"id":31194,"href":"https:\/\/www.almargenweb.com.ar\/web\/wp-json\/wp\/v2\/posts\/31188\/revisions\/31194"}],"wp:featuredmedia":[{"embeddable":true,"href":"https:\/\/www.almargenweb.com.ar\/web\/wp-json\/wp\/v2\/media\/31190"}],"wp:attachment":[{"href":"https:\/\/www.almargenweb.com.ar\/web\/wp-json\/wp\/v2\/media?parent=31188"}],"wp:term":[{"taxonomy":"category","embeddable":true,"href":"https:\/\/www.almargenweb.com.ar\/web\/wp-json\/wp\/v2\/categories?post=31188"},{"taxonomy":"post_tag","embeddable":true,"href":"https:\/\/www.almargenweb.com.ar\/web\/wp-json\/wp\/v2\/tags?post=31188"}],"curies":[{"name":"wp","href":"https:\/\/api.w.org\/{rel}","templated":true}]}}