{"id":31114,"date":"2020-11-29T09:50:15","date_gmt":"2020-11-29T12:50:15","guid":{"rendered":"http:\/\/www.almargenweb.com.ar\/web\/?p=31114"},"modified":"2020-11-29T09:50:15","modified_gmt":"2020-11-29T12:50:15","slug":"homenaje-una-calle-de-franck-llevara-el-nombre-de-luis-canetti","status":"publish","type":"post","link":"https:\/\/www.almargenweb.com.ar\/web\/homenaje-una-calle-de-franck-llevara-el-nombre-de-luis-canetti\/","title":{"rendered":"Homenaje; una calle de Franck llevara el nombre de Luis Canetti."},"content":{"rendered":"\n<p>En el marco de una serie de reconocimientos a personalidades destacadas en la historia de Franck que se han llevado a cabo en el a\u00f1o del sesquicentenario, la Comisi\u00f3n Comunal sancion\u00f3 la Ord. 1935\/20, que denomina a una calle del pueblo con el nombre de &#8220;Luis Canetti&#8221;, quien ha integrado la primer Comisi\u00f3n de Progreso de la colonia y quien ha demostrado un compromiso sincero con la educaci\u00f3n p\u00fablica local.<\/p>\n\n\n\n<p>El presidente comunal Javier Enrico, juno a integrantes de la Comisi\u00f3n Comnal, hicieron entrega a la Sra. Rosa Cantti, de un diploma de reconocimiento y de copia de la Ordenanza comunal que identifica a una calle de la localidad con el nombre de su bisabuelo, &#8220;Luis Canetti&#8221;.<\/p>\n\n\n\n<figure class=\"wp-block-image size-large is-resized\"><img loading=\"lazy\" decoding=\"async\" src=\"https:\/\/www.almargenweb.com.ar\/web\/wp-content\/uploads\/2020\/11\/127099783_3606154032804768_857160078333371513_o-1024x768.jpg\" alt=\"\" class=\"wp-image-31117\" width=\"479\" height=\"359\" srcset=\"https:\/\/www.almargenweb.com.ar\/web\/wp-content\/uploads\/2020\/11\/127099783_3606154032804768_857160078333371513_o-1024x768.jpg 1024w, https:\/\/www.almargenweb.com.ar\/web\/wp-content\/uploads\/2020\/11\/127099783_3606154032804768_857160078333371513_o-300x225.jpg 300w, https:\/\/www.almargenweb.com.ar\/web\/wp-content\/uploads\/2020\/11\/127099783_3606154032804768_857160078333371513_o-768x576.jpg 768w, https:\/\/www.almargenweb.com.ar\/web\/wp-content\/uploads\/2020\/11\/127099783_3606154032804768_857160078333371513_o.jpg 1200w\" sizes=\"auto, (max-width: 479px) 100vw, 479px\" \/><figcaption>&#8220;Luis Canetti&#8221; ha integrado la primer Comisi\u00f3n de Progreso.<\/figcaption><\/figure>\n\n\n\n<p>El reconocimiento se realiz\u00f3 en el marco del homenaje realizado a ex directivos y docentes de la Escuela 321, por conmemorarse el 95\u00ba aniversario del edificio escolar. Dicho contexto no es casualidad, ya que Don Canetti, ha demostrado un inter\u00e9s particular con la educaci\u00f3n de Franck, cediendo parte de su vivienda para destinarla a la ense\u00f1anza de ni\u00f1os y ni\u00f1as, all\u00e1 por el 1894.<\/p>\n\n\n\n<p>Casado en su Italia natal, Luis Canetti lleg\u00f3 a Argentina con su esposa y una hija. Ya asentado en Franck, el matrimonio tuvo 7 hiios m\u00e1s: Avelino, Bartolom\u00e9, Santiago, Carlos, Elena, Jos\u00e9 y Marino, los cu\u00e1les tanbien han marcado con su actuaci\u00f3n, un relevante aporte al crecimiento de nuestra localidad.-<\/p>\n<!-- AddThis Advanced Settings generic via filter on the_content --><!-- AddThis Share Buttons generic via filter on the_content -->","protected":false},"excerpt":{"rendered":"<p>En el marco de una serie de reconocimientos a personalidades destacadas en la historia de Franck [&hellip;]<!-- AddThis Advanced Settings generic via filter on get_the_excerpt --><!-- AddThis Share Buttons generic via filter on get_the_excerpt --><\/p>\n","protected":false},"author":16,"featured_media":31116,"comment_status":"open","ping_status":"open","sticky":false,"template":"","format":"standard","meta":{"_seopress_robots_primary_cat":"none","_seopress_titles_title":"","_seopress_titles_desc":"","_seopress_robots_index":"","_themeisle_gutenberg_block_has_review":false,"footnotes":""},"categories":[3,21],"tags":[],"class_list":["post-31114","post","type-post","status-publish","format-standard","has-post-thumbnail","hentry","category-cultura","category-las-colonias"],"_links":{"self":[{"href":"https:\/\/www.almargenweb.com.ar\/web\/wp-json\/wp\/v2\/posts\/31114","targetHints":{"allow":["GET"]}}],"collection":[{"href":"https:\/\/www.almargenweb.com.ar\/web\/wp-json\/wp\/v2\/posts"}],"about":[{"href":"https:\/\/www.almargenweb.com.ar\/web\/wp-json\/wp\/v2\/types\/post"}],"author":[{"embeddable":true,"href":"https:\/\/www.almargenweb.com.ar\/web\/wp-json\/wp\/v2\/users\/16"}],"replies":[{"embeddable":true,"href":"https:\/\/www.almargenweb.com.ar\/web\/wp-json\/wp\/v2\/comments?post=31114"}],"version-history":[{"count":1,"href":"https:\/\/www.almargenweb.com.ar\/web\/wp-json\/wp\/v2\/posts\/31114\/revisions"}],"predecessor-version":[{"id":31118,"href":"https:\/\/www.almargenweb.com.ar\/web\/wp-json\/wp\/v2\/posts\/31114\/revisions\/31118"}],"wp:featuredmedia":[{"embeddable":true,"href":"https:\/\/www.almargenweb.com.ar\/web\/wp-json\/wp\/v2\/media\/31116"}],"wp:attachment":[{"href":"https:\/\/www.almargenweb.com.ar\/web\/wp-json\/wp\/v2\/media?parent=31114"}],"wp:term":[{"taxonomy":"category","embeddable":true,"href":"https:\/\/www.almargenweb.com.ar\/web\/wp-json\/wp\/v2\/categories?post=31114"},{"taxonomy":"post_tag","embeddable":true,"href":"https:\/\/www.almargenweb.com.ar\/web\/wp-json\/wp\/v2\/tags?post=31114"}],"curies":[{"name":"wp","href":"https:\/\/api.w.org\/{rel}","templated":true}]}}