{"id":31101,"date":"2020-11-28T09:00:04","date_gmt":"2020-11-28T12:00:04","guid":{"rendered":"http:\/\/www.almargenweb.com.ar\/web\/?p=31101"},"modified":"2020-11-28T08:41:08","modified_gmt":"2020-11-28T11:41:08","slug":"prorroga-en-el-vencimiento-de-licencias-de-conducir","status":"publish","type":"post","link":"https:\/\/www.almargenweb.com.ar\/web\/prorroga-en-el-vencimiento-de-licencias-de-conducir\/","title":{"rendered":"Pr\u00f3rroga en el vencimiento de licencias de conducir."},"content":{"rendered":"\n<p>A ra\u00edz de distintas circunstancias que se manifestaron en algunas provincias referente a la vigencia de la Resoluci\u00f3n N\u00ba 0026 de la Agencia Provincial de Seguridad Vial, por la cual se prorrogan los vencimientos de las licencias de conducir entre el 15 de febrero y el 31 de diciembre del corriente a\u00f1o por el termino de 365 d\u00edas a partir de la fecha de vencimiento, se recomienda a las personas que se trasladan fuera de la provincia de Santa Fe llevar junto a la documentaci\u00f3n vehicular y personal correspondiente, una copia de dicha resoluci\u00f3n a los efectos de ser presentadas en los controles que as\u00ed lo requieran, a los efectos de manifestar la adhesi\u00f3n de la Provincia de Santa Fe a la normativa nacional.<\/p>\n\n\n\n<figure class=\"wp-block-image size-large\"><img loading=\"lazy\" decoding=\"async\" width=\"1024\" height=\"684\" src=\"https:\/\/www.almargenweb.com.ar\/web\/wp-content\/uploads\/2020\/11\/ansv_licencia1-1024x684.jpg\" alt=\"\" class=\"wp-image-31104\" srcset=\"https:\/\/www.almargenweb.com.ar\/web\/wp-content\/uploads\/2020\/11\/ansv_licencia1-1024x684.jpg 1024w, https:\/\/www.almargenweb.com.ar\/web\/wp-content\/uploads\/2020\/11\/ansv_licencia1-300x200.jpg 300w, https:\/\/www.almargenweb.com.ar\/web\/wp-content\/uploads\/2020\/11\/ansv_licencia1-768x513.jpg 768w, https:\/\/www.almargenweb.com.ar\/web\/wp-content\/uploads\/2020\/11\/ansv_licencia1.jpg 1200w\" sizes=\"auto, (max-width: 1024px) 100vw, 1024px\" \/><figcaption>Recomendaci\u00f3n; es conveniente que quienes se trasladen fuera de la provincia de Santa Fe, lleven una copia de la resoluci\u00f3n N N\u00ba 0026 de la Agencia Provincial de Seguridad Vial.<\/figcaption><\/figure>\n\n\n\n<p><\/p>\n<!-- AddThis Advanced Settings generic via filter on the_content --><!-- AddThis Share Buttons generic via filter on the_content -->","protected":false},"excerpt":{"rendered":"<p>A ra\u00edz de distintas circunstancias que se manifestaron en algunas provincias referente a la vigencia de [&hellip;]<!-- AddThis Advanced Settings generic via filter on get_the_excerpt --><!-- AddThis Share Buttons generic via filter on get_the_excerpt --><\/p>\n","protected":false},"author":16,"featured_media":31103,"comment_status":"open","ping_status":"open","sticky":false,"template":"","format":"standard","meta":{"_seopress_robots_primary_cat":"none","_seopress_titles_title":"","_seopress_titles_desc":"","_seopress_robots_index":"","_themeisle_gutenberg_block_has_review":false,"footnotes":""},"categories":[2,47],"tags":[],"class_list":["post-31101","post","type-post","status-publish","format-standard","has-post-thumbnail","hentry","category-actualidad","category-locales"],"_links":{"self":[{"href":"https:\/\/www.almargenweb.com.ar\/web\/wp-json\/wp\/v2\/posts\/31101","targetHints":{"allow":["GET"]}}],"collection":[{"href":"https:\/\/www.almargenweb.com.ar\/web\/wp-json\/wp\/v2\/posts"}],"about":[{"href":"https:\/\/www.almargenweb.com.ar\/web\/wp-json\/wp\/v2\/types\/post"}],"author":[{"embeddable":true,"href":"https:\/\/www.almargenweb.com.ar\/web\/wp-json\/wp\/v2\/users\/16"}],"replies":[{"embeddable":true,"href":"https:\/\/www.almargenweb.com.ar\/web\/wp-json\/wp\/v2\/comments?post=31101"}],"version-history":[{"count":1,"href":"https:\/\/www.almargenweb.com.ar\/web\/wp-json\/wp\/v2\/posts\/31101\/revisions"}],"predecessor-version":[{"id":31105,"href":"https:\/\/www.almargenweb.com.ar\/web\/wp-json\/wp\/v2\/posts\/31101\/revisions\/31105"}],"wp:featuredmedia":[{"embeddable":true,"href":"https:\/\/www.almargenweb.com.ar\/web\/wp-json\/wp\/v2\/media\/31103"}],"wp:attachment":[{"href":"https:\/\/www.almargenweb.com.ar\/web\/wp-json\/wp\/v2\/media?parent=31101"}],"wp:term":[{"taxonomy":"category","embeddable":true,"href":"https:\/\/www.almargenweb.com.ar\/web\/wp-json\/wp\/v2\/categories?post=31101"},{"taxonomy":"post_tag","embeddable":true,"href":"https:\/\/www.almargenweb.com.ar\/web\/wp-json\/wp\/v2\/tags?post=31101"}],"curies":[{"name":"wp","href":"https:\/\/api.w.org\/{rel}","templated":true}]}}