{"id":31088,"date":"2020-11-27T19:14:36","date_gmt":"2020-11-27T22:14:36","guid":{"rendered":"http:\/\/www.almargenweb.com.ar\/web\/?p=31088"},"modified":"2020-11-27T19:15:18","modified_gmt":"2020-11-27T22:15:18","slug":"excentrico-maradona-coppola-y-una-ferrari-negra-imposible-de-conseguir","status":"publish","type":"post","link":"https:\/\/www.almargenweb.com.ar\/web\/excentrico-maradona-coppola-y-una-ferrari-negra-imposible-de-conseguir\/","title":{"rendered":"Exc\u00e9ntrico; Maradona, Coppola y una Ferrari negra imposible de conseguir"},"content":{"rendered":"\n<p>iego se fue, aunque no del todo, y millones de argentinos los despidieron. Con \u00e9l quedan sus gambetas, sus goles, su magia, su paso por la tierra. Entre tantas vivencias hay muchas an\u00e9cdotas y una de ellas es la vez que pidi\u00f3 modificar el dise\u00f1o de una Ferrari.<\/p>\n\n\n\n<p>\u201c\u00bfGuille, me compras una Ferrari?\u201d, le dijo Maradona a su amigo y representante Coppola cuando corr\u00eda el a\u00f1o 1986 y ya se iba al Mundial de M\u00e9xico. El modelo del Cavallino Rampante era una F40, de la que fabricaban 40 unidades y el mejor jugador de la historia quer\u00eda una.<\/p>\n\n\n\n<p>Solt\u00f3 la pregunto y Coppola se puso a pensar c\u00f3mo la consegu\u00eda. Teniendo en cuenta que se trataba de Maradona iba a ser m\u00e1s f\u00e1cil, pero Diego quer\u00eda algo m\u00e1s: \u201c\u00a1Negra! Que sea negra, Guille\u201d.<\/p>\n\n\n\n<figure class=\"wp-block-image size-large is-resized\"><img loading=\"lazy\" decoding=\"async\" src=\"https:\/\/www.almargenweb.com.ar\/web\/wp-content\/uploads\/2020\/11\/ferrari-negro-diego-armando-maradona_1.jpg_1359985867.jpg\" alt=\"\" class=\"wp-image-31090\" width=\"443\" height=\"443\" srcset=\"https:\/\/www.almargenweb.com.ar\/web\/wp-content\/uploads\/2020\/11\/ferrari-negro-diego-armando-maradona_1.jpg_1359985867.jpg 360w, https:\/\/www.almargenweb.com.ar\/web\/wp-content\/uploads\/2020\/11\/ferrari-negro-diego-armando-maradona_1.jpg_1359985867-300x300.jpg 300w, https:\/\/www.almargenweb.com.ar\/web\/wp-content\/uploads\/2020\/11\/ferrari-negro-diego-armando-maradona_1.jpg_1359985867-150x150.jpg 150w\" sizes=\"auto, (max-width: 443px) 100vw, 443px\" \/><figcaption>La quiero! Enzo ferrari accedi\u00f3 a fabricarle una coupe de color negra.<\/figcaption><\/figure>\n\n\n\n<p>A partir de ese momento a Coppola se le complic\u00f3 porque Ferrari solo fabricara sus modelos en color rojo. Hasta se sent\u00f3 mano a mano con el mism\u00edsimo Enzo Ferrari para poder conseguirla.<\/p>\n\n\n\n<p>Finalmente, entre tantas gestiones, Guillote lo consigui\u00f3 y la Ferrari termin\u00f3 siendo negra. Claro que tuvo su costo, nada menos que 480 mil d\u00f3lares.<\/p>\n\n\n\n<p>Pasaron los d\u00edas, M\u00e9xico 86, Copa del Mundo, Diego Eterno y el regreso a Italia. Mientras el avi\u00f3n aterrizaba, con la Ferrari en la pista, Coppola encar\u00f3 al entonces presidente del Nap\u00f3li, Corrado Ferlaino: \u201cPresidente, \u00bfpor qu\u00e9 no se la regala?\u201d.<\/p>\n\n\n\n<figure class=\"wp-block-image size-large\"><img loading=\"lazy\" decoding=\"async\" width=\"900\" height=\"576\" src=\"https:\/\/www.almargenweb.com.ar\/web\/wp-content\/uploads\/2020\/11\/d45a54d5d947891dd1cd75d25cbe05d0_XL.jpg\" alt=\"\" class=\"wp-image-31091\" srcset=\"https:\/\/www.almargenweb.com.ar\/web\/wp-content\/uploads\/2020\/11\/d45a54d5d947891dd1cd75d25cbe05d0_XL.jpg 900w, https:\/\/www.almargenweb.com.ar\/web\/wp-content\/uploads\/2020\/11\/d45a54d5d947891dd1cd75d25cbe05d0_XL-300x192.jpg 300w, https:\/\/www.almargenweb.com.ar\/web\/wp-content\/uploads\/2020\/11\/d45a54d5d947891dd1cd75d25cbe05d0_XL-768x492.jpg 768w\" sizes=\"auto, (max-width: 900px) 100vw, 900px\" \/><figcaption>Cavallino Rampante era una F40, de la que fabricaban 40 unidades y solo en color rojo.<\/figcaption><\/figure>\n\n\n\n<p>Ya con Diego a punto de aterrizar, el presidente le pregunt\u00f3 el valor. Coppola no dud\u00f3 y le sentenci\u00f3 \u201c1 mill\u00f3n de d\u00f3lares\u201d, 870 mil el auto y 130 por la famosa pintura negra. Como la relaci\u00f3n entre Maradona y Ferlaino no era la mejor, el presidente acept\u00f3 para agasajarlo con un gran regalo.<\/p>\n\n\n\n<p>Baja Diego del avi\u00f3n, la ve flamante, lo abraza a Coppola, no pod\u00eda creer que se acord\u00f3. Su representante le dio los cr\u00e9ditos a Ferlaino, a quien tambi\u00e9n le agradeci\u00f3 euf\u00f3ricamente como si la relaci\u00f3n ya estaba sanada.<\/p>\n\n\n\n<p>Pero lamentablemente, faltaba una gambeta m\u00e1s. \u201cNo tiene est\u00e9reo, Guille, no la quiero\u201d, solt\u00f3 Diego.<\/p>\n<!-- AddThis Advanced Settings generic via filter on the_content --><!-- AddThis Share Buttons generic via filter on the_content -->","protected":false},"excerpt":{"rendered":"<p>iego se fue, aunque no del todo, y millones de argentinos los despidieron. Con \u00e9l quedan [&hellip;]<!-- AddThis Advanced Settings generic via filter on get_the_excerpt --><!-- AddThis Share Buttons generic via filter on get_the_excerpt --><\/p>\n","protected":false},"author":16,"featured_media":31094,"comment_status":"open","ping_status":"open","sticky":false,"template":"","format":"standard","meta":{"_seopress_robots_primary_cat":"none","_seopress_titles_title":"","_seopress_titles_desc":"","_seopress_robots_index":"","_themeisle_gutenberg_block_has_review":false,"footnotes":""},"categories":[1],"tags":[],"class_list":["post-31088","post","type-post","status-publish","format-standard","has-post-thumbnail","hentry","category-sin-categoria"],"_links":{"self":[{"href":"https:\/\/www.almargenweb.com.ar\/web\/wp-json\/wp\/v2\/posts\/31088","targetHints":{"allow":["GET"]}}],"collection":[{"href":"https:\/\/www.almargenweb.com.ar\/web\/wp-json\/wp\/v2\/posts"}],"about":[{"href":"https:\/\/www.almargenweb.com.ar\/web\/wp-json\/wp\/v2\/types\/post"}],"author":[{"embeddable":true,"href":"https:\/\/www.almargenweb.com.ar\/web\/wp-json\/wp\/v2\/users\/16"}],"replies":[{"embeddable":true,"href":"https:\/\/www.almargenweb.com.ar\/web\/wp-json\/wp\/v2\/comments?post=31088"}],"version-history":[{"count":1,"href":"https:\/\/www.almargenweb.com.ar\/web\/wp-json\/wp\/v2\/posts\/31088\/revisions"}],"predecessor-version":[{"id":31092,"href":"https:\/\/www.almargenweb.com.ar\/web\/wp-json\/wp\/v2\/posts\/31088\/revisions\/31092"}],"wp:featuredmedia":[{"embeddable":true,"href":"https:\/\/www.almargenweb.com.ar\/web\/wp-json\/wp\/v2\/media\/31094"}],"wp:attachment":[{"href":"https:\/\/www.almargenweb.com.ar\/web\/wp-json\/wp\/v2\/media?parent=31088"}],"wp:term":[{"taxonomy":"category","embeddable":true,"href":"https:\/\/www.almargenweb.com.ar\/web\/wp-json\/wp\/v2\/categories?post=31088"},{"taxonomy":"post_tag","embeddable":true,"href":"https:\/\/www.almargenweb.com.ar\/web\/wp-json\/wp\/v2\/tags?post=31088"}],"curies":[{"name":"wp","href":"https:\/\/api.w.org\/{rel}","templated":true}]}}