{"id":31060,"date":"2020-11-27T10:18:21","date_gmt":"2020-11-27T13:18:21","guid":{"rendered":"http:\/\/www.almargenweb.com.ar\/web\/?p=31060"},"modified":"2020-11-27T10:55:39","modified_gmt":"2020-11-27T13:55:39","slug":"diputados-aprobo-la-creacion-de-un-juzgado-laboral-para-esperanza","status":"publish","type":"post","link":"https:\/\/www.almargenweb.com.ar\/web\/diputados-aprobo-la-creacion-de-un-juzgado-laboral-para-esperanza\/","title":{"rendered":"Diputados aprob\u00f3 la creaci\u00f3n de un juzgado laboral para Esperanza."},"content":{"rendered":"\n<p>El proyecto de la diputada Jimena Senn obtuvo sanci\u00f3n en la C\u00e1mara Baja, el mismo tiene como objetivo la creaci\u00f3n de un Juzgado de Primera Instancia de Distrito en lo Laboral para el departamento Las Colonias con sede en la ciudad de Esperanza.<\/p>\n\n\n\n<p>En la sesi\u00f3n celebrada el \u00faltimo jueves, el cuerpo legislativo dio sanci\u00f3n a un proyecto de Ley que tiene como autora a la vicepresidenta segunda de la C\u00e1mara de Diputados, Jimena Senn. Ante la aprobaci\u00f3n de su iniciativa la legisladora expres\u00f3 \u201cEn primer lugar quiero agradecer a mis pares por el acompa\u00f1amiento en la aprobaci\u00f3n de este proyecto. La creaci\u00f3n de un Juzgado Laboral descomprimir\u00eda los juzgados existentes, las causas laborales representan un 40% del total que se tramitan en el Juzgado de Distrito, un nuevo Juzgado dar\u00eda la celeridad que requieren las causas laborales y le permitir\u00eda al juez a cargo especializarse en la materia. Todo esto permitir\u00eda optimizar el sistema de justicia local para el beneficio de todos los ciudadanos y ciudadanas\u201d.<\/p>\n\n\n\n<p>\u201cActualmente una persona del departamento Las Colonias que realiza un reclamo laboral debe esperar muchos meses para llegar a la primera audiencia y esa demora, en el contexto econ\u00f3mico que atraviesa el pa\u00eds, representa un gran problema para cualquier trabajador que ve afectada su fuente de ingreso\u201d.<\/p>\n\n\n\n<p>\u201cHay que destacar que el proyecto de Ley tratado y aprobado en la C\u00e1mara de Diputados, ahora pasa a la C\u00e1mara de Senadores donde tendr\u00e1 su respectivo tratamiento. Esperamos que sea lo antes posible y tenga la aprobaci\u00f3n de los Senadores\u201d. Finaliz\u00f3 Senn.<\/p>\n<!-- AddThis Advanced Settings generic via filter on the_content --><!-- AddThis Share Buttons generic via filter on the_content -->","protected":false},"excerpt":{"rendered":"<p>El proyecto de la diputada Jimena Senn obtuvo sanci\u00f3n en la C\u00e1mara Baja, el mismo tiene [&hellip;]<!-- AddThis Advanced Settings generic via filter on get_the_excerpt --><!-- AddThis Share Buttons generic via filter on get_the_excerpt --><\/p>\n","protected":false},"author":16,"featured_media":31062,"comment_status":"open","ping_status":"open","sticky":false,"template":"","format":"standard","meta":{"_seopress_robots_primary_cat":"none","_seopress_titles_title":"","_seopress_titles_desc":"","_seopress_robots_index":"","_themeisle_gutenberg_block_has_review":false,"footnotes":""},"categories":[2,47,9],"tags":[],"class_list":["post-31060","post","type-post","status-publish","format-standard","has-post-thumbnail","hentry","category-actualidad","category-locales","category-politica"],"_links":{"self":[{"href":"https:\/\/www.almargenweb.com.ar\/web\/wp-json\/wp\/v2\/posts\/31060","targetHints":{"allow":["GET"]}}],"collection":[{"href":"https:\/\/www.almargenweb.com.ar\/web\/wp-json\/wp\/v2\/posts"}],"about":[{"href":"https:\/\/www.almargenweb.com.ar\/web\/wp-json\/wp\/v2\/types\/post"}],"author":[{"embeddable":true,"href":"https:\/\/www.almargenweb.com.ar\/web\/wp-json\/wp\/v2\/users\/16"}],"replies":[{"embeddable":true,"href":"https:\/\/www.almargenweb.com.ar\/web\/wp-json\/wp\/v2\/comments?post=31060"}],"version-history":[{"count":2,"href":"https:\/\/www.almargenweb.com.ar\/web\/wp-json\/wp\/v2\/posts\/31060\/revisions"}],"predecessor-version":[{"id":31067,"href":"https:\/\/www.almargenweb.com.ar\/web\/wp-json\/wp\/v2\/posts\/31060\/revisions\/31067"}],"wp:featuredmedia":[{"embeddable":true,"href":"https:\/\/www.almargenweb.com.ar\/web\/wp-json\/wp\/v2\/media\/31062"}],"wp:attachment":[{"href":"https:\/\/www.almargenweb.com.ar\/web\/wp-json\/wp\/v2\/media?parent=31060"}],"wp:term":[{"taxonomy":"category","embeddable":true,"href":"https:\/\/www.almargenweb.com.ar\/web\/wp-json\/wp\/v2\/categories?post=31060"},{"taxonomy":"post_tag","embeddable":true,"href":"https:\/\/www.almargenweb.com.ar\/web\/wp-json\/wp\/v2\/tags?post=31060"}],"curies":[{"name":"wp","href":"https:\/\/api.w.org\/{rel}","templated":true}]}}