{"id":31032,"date":"2020-11-26T10:29:18","date_gmt":"2020-11-26T13:29:18","guid":{"rendered":"http:\/\/www.almargenweb.com.ar\/web\/?p=31032"},"modified":"2020-11-26T10:29:19","modified_gmt":"2020-11-26T13:29:19","slug":"sarmiento-siente-orgulloso-de-su-programa-te-escribo-una-carta","status":"publish","type":"post","link":"https:\/\/www.almargenweb.com.ar\/web\/sarmiento-siente-orgulloso-de-su-programa-te-escribo-una-carta\/","title":{"rendered":"Sarmiento siente orgulloso de su programa &#8220;Te escribo una carta&#8221;"},"content":{"rendered":"\n<p>Los estudiantes de la escuela Alberto Francezon Numero 357, compartieron con los adultos mayores de la localidad cartas con canciones, refranes, poes\u00edas e historias, en el marco del programa &#8220;Te escribo una carta&#8221;.<\/p>\n\n\n\n<p>Junto a la profesora de lengua y literatura, los alumnos se mostraron entusiasmados con esta propuesta que intercambia no solo poesias, sino tambien vivencias, experiencias y sirve de gran contension para los adultos mayores de la localidad de Sarmiento. <\/p>\n\n\n\n<figure class=\"wp-block-image size-large\"><img loading=\"lazy\" decoding=\"async\" width=\"606\" height=\"343\" src=\"https:\/\/www.almargenweb.com.ar\/web\/wp-content\/uploads\/2020\/11\/carta_monton.jpg\" alt=\"\" class=\"wp-image-31035\" srcset=\"https:\/\/www.almargenweb.com.ar\/web\/wp-content\/uploads\/2020\/11\/carta_monton.jpg 606w, https:\/\/www.almargenweb.com.ar\/web\/wp-content\/uploads\/2020\/11\/carta_monton-300x170.jpg 300w\" sizes=\"auto, (max-width: 606px) 100vw, 606px\" \/><figcaption>Tienes una carta; el intercambio de correspondencia estimula tanto a j\u00f3venes como adultos mayores, formando nexos entre distintas generaciones.<\/figcaption><\/figure>\n\n\n\n<p>Es una &#8220;nueva vieja&#8221; forma de relacionarnos, la escritura de cartas en puno y letra, crea un nexo y compania muy necesarias en este momento de la vida. Ni\u00f1os, adolescentes, adultos y adultos mayores unidos por medio de la creaci\u00f3n, imaginaci\u00f3n y trabajo en espacios diferentes. <\/p>\n<!-- AddThis Advanced Settings generic via filter on the_content --><!-- AddThis Share Buttons generic via filter on the_content -->","protected":false},"excerpt":{"rendered":"<p>Los estudiantes de la escuela Alberto Francezon Numero 357, compartieron con los adultos mayores de la [&hellip;]<!-- AddThis Advanced Settings generic via filter on get_the_excerpt --><!-- AddThis Share Buttons generic via filter on get_the_excerpt --><\/p>\n","protected":false},"author":16,"featured_media":31034,"comment_status":"open","ping_status":"open","sticky":false,"template":"","format":"standard","meta":{"_seopress_robots_primary_cat":"none","_seopress_titles_title":"","_seopress_titles_desc":"","_seopress_robots_index":"","_themeisle_gutenberg_block_has_review":false,"footnotes":""},"categories":[2,3,20,21],"tags":[],"class_list":["post-31032","post","type-post","status-publish","format-standard","has-post-thumbnail","hentry","category-actualidad","category-cultura","category-departamentales","category-las-colonias"],"_links":{"self":[{"href":"https:\/\/www.almargenweb.com.ar\/web\/wp-json\/wp\/v2\/posts\/31032","targetHints":{"allow":["GET"]}}],"collection":[{"href":"https:\/\/www.almargenweb.com.ar\/web\/wp-json\/wp\/v2\/posts"}],"about":[{"href":"https:\/\/www.almargenweb.com.ar\/web\/wp-json\/wp\/v2\/types\/post"}],"author":[{"embeddable":true,"href":"https:\/\/www.almargenweb.com.ar\/web\/wp-json\/wp\/v2\/users\/16"}],"replies":[{"embeddable":true,"href":"https:\/\/www.almargenweb.com.ar\/web\/wp-json\/wp\/v2\/comments?post=31032"}],"version-history":[{"count":1,"href":"https:\/\/www.almargenweb.com.ar\/web\/wp-json\/wp\/v2\/posts\/31032\/revisions"}],"predecessor-version":[{"id":31036,"href":"https:\/\/www.almargenweb.com.ar\/web\/wp-json\/wp\/v2\/posts\/31032\/revisions\/31036"}],"wp:featuredmedia":[{"embeddable":true,"href":"https:\/\/www.almargenweb.com.ar\/web\/wp-json\/wp\/v2\/media\/31034"}],"wp:attachment":[{"href":"https:\/\/www.almargenweb.com.ar\/web\/wp-json\/wp\/v2\/media?parent=31032"}],"wp:term":[{"taxonomy":"category","embeddable":true,"href":"https:\/\/www.almargenweb.com.ar\/web\/wp-json\/wp\/v2\/categories?post=31032"},{"taxonomy":"post_tag","embeddable":true,"href":"https:\/\/www.almargenweb.com.ar\/web\/wp-json\/wp\/v2\/tags?post=31032"}],"curies":[{"name":"wp","href":"https:\/\/api.w.org\/{rel}","templated":true}]}}