{"id":30986,"date":"2020-11-25T09:08:39","date_gmt":"2020-11-25T12:08:39","guid":{"rendered":"http:\/\/www.almargenweb.com.ar\/web\/?p=30986"},"modified":"2020-11-25T09:20:32","modified_gmt":"2020-11-25T12:20:32","slug":"rodrigo-muller-en-el-presupuesto-municipal-hay-que-cambiar-las-prioridades-para-mejorar-la-calidad-de-vida-y-lo-ideal-seria-se-que-se-de-por-consenso","status":"publish","type":"post","link":"https:\/\/www.almargenweb.com.ar\/web\/rodrigo-muller-en-el-presupuesto-municipal-hay-que-cambiar-las-prioridades-para-mejorar-la-calidad-de-vida-y-lo-ideal-seria-se-que-se-de-por-consenso\/","title":{"rendered":"Rodrigo M\u00fcller; &#8220;En el Presupuesto Municipal hay que cambiar las prioridades para mejorar la calidad de vida y lo ideal ser\u00eda s\u00e9 que se d\u00e9 por consenso&#8221;"},"content":{"rendered":"\n<p>El Concejal Rodrigo M\u00fcller sostiene que el presupuesto debe reflejar las prioridades actuales de la ciudad. Sostiene que un porcentaje del mismo debe ser decidido por los vecinos.&nbsp;<\/p>\n\n\n\n<p>El presupuesto es la principal ordenanza que se debe dar un Estado a\u00f1o tras a\u00f1o. Lamentablemente, desde hace un buen tiempo ya no lo discutimos como corresponde. El hecho de que esta falta se haya vuelto costumbre y pase, por lo tanto, casi desapercibida es m\u00e1s grave a\u00fan.&nbsp;<\/p>\n\n\n\n<p>Para comprender la gravedad de esta situaci\u00f3n hace falta alejarse de la coyuntura, dejar de lado la actividad legislativa actual y mirar lo que viene ocurriendo con nuestro Estado Municipal desde hace un buen tiempo: aun en momentos en que hay significativamente m\u00e1s recursos, no logra acumular mejoras sostenidas para los esperancinos. Pensemos: \u00bfCu\u00e1ntas cosas nos hace m\u00e1s f\u00e1cil el accionar estatal hoy que hace 5, 10, 15, 20 o 30 a\u00f1os? \u00bfSe elev\u00f3 la calidad de los espacios p\u00fablicos? \u00bfLas oficinas municipales funcionan mejor? \u00bfEstamos m\u00e1s seguros? \u00bfEs m\u00e1s sencillo acceder a la vivienda propia? \u00bfLa infraestructura urbana de Esperanza se ha modernizado?&nbsp;<\/p>\n\n\n\n<p>Y el problema no es de recursos. Es de&nbsp;no saber qu\u00e9 hacer con ellos.&nbsp;<br>Precisamente por ello es que es tan importante tomar seria y rigurosamente el presupuesto. Si se compara el nivel de gasto que se propone para el 2021 con el a\u00f1o 2000 ajustado por inflaci\u00f3n, el gobierno municipal tiene 3 veces m\u00e1s presupuesto que en 2000.&nbsp;<\/p>\n\n\n\n<p>Si dividimos esa cifra por cada una de las familias esperancinas, tenemos que el Estado Municipal en el a\u00f1o 2019 gasto 52.000 pesos anuales por cada una, es decir 6000 pesos por persona considerando que vivir\u00edan en Esperanza 53.000 personas como estima el censo que debe realizarse.&nbsp;<\/p>\n\n\n\n<p>\u00a1Comparado con el a\u00f1o 2000, el Estado municipal tiene hoy 3 veces m\u00e1s recursos reales -es decir, ajustado por inflaci\u00f3n- por habitante! &nbsp;Con semejantes cifras, deber\u00edamos sentir impactos positivos claros, obvios, en nuestra vida cotidiana. Pero ello no ocurre.&nbsp;<\/p>\n\n\n\n<figure class=\"wp-block-image size-large\"><img loading=\"lazy\" decoding=\"async\" width=\"768\" height=\"512\" src=\"https:\/\/www.almargenweb.com.ar\/web\/wp-content\/uploads\/2020\/11\/Fachada-Municipalidad-768x512-1.jpg\" alt=\"\" class=\"wp-image-30989\" srcset=\"https:\/\/www.almargenweb.com.ar\/web\/wp-content\/uploads\/2020\/11\/Fachada-Municipalidad-768x512-1.jpg 768w, https:\/\/www.almargenweb.com.ar\/web\/wp-content\/uploads\/2020\/11\/Fachada-Municipalidad-768x512-1-300x200.jpg 300w\" sizes=\"auto, (max-width: 768px) 100vw, 768px\" \/><figcaption>&#8220;Nuestro Estado no tiene claro a d\u00f3nde va. S\u00f3lo sabe recaudar y gastar, pero sin una noci\u00f3n clara de para qu\u00e9. Ha perdido la capacidad de brindar beneficios incrementales en el tiempo para sus ciudadanos&#8221; dijo el edil.<\/figcaption><\/figure>\n\n\n\n<p>Nuestro Estado no tiene claro a d\u00f3nde va.&nbsp;S\u00f3lo sabe recaudar y gastar, pero sin una noci\u00f3n clara de para qu\u00e9. Puede disponer de m\u00e1s recursos, pero ha perdido la capacidad de brindar beneficios incrementales en el tiempo para sus ciudadanos. Este es un problema medular en nuestra ciudad. Y para comenzar a resolverlo debemos, como primer e imprescindible paso, discutir el presupuesto de otra manera. <\/p>\n\n\n\n<p>Incluso para el a\u00f1o que viene hemos propuesto que un porcentaje la distribuci\u00f3n se realice por los vecinos directamente. &nbsp;<\/p>\n<!-- AddThis Advanced Settings generic via filter on the_content --><!-- AddThis Share Buttons generic via filter on the_content -->","protected":false},"excerpt":{"rendered":"<p>El Concejal Rodrigo M\u00fcller sostiene que el presupuesto debe reflejar las prioridades actuales de la ciudad. [&hellip;]<!-- AddThis Advanced Settings generic via filter on get_the_excerpt --><!-- AddThis Share Buttons generic via filter on get_the_excerpt --><\/p>\n","protected":false},"author":16,"featured_media":30999,"comment_status":"open","ping_status":"open","sticky":false,"template":"","format":"standard","meta":{"_seopress_robots_primary_cat":"none","_seopress_titles_title":"","_seopress_titles_desc":"","_seopress_robots_index":"","_themeisle_gutenberg_block_has_review":false,"footnotes":""},"categories":[2,21,9],"tags":[],"class_list":["post-30986","post","type-post","status-publish","format-standard","has-post-thumbnail","hentry","category-actualidad","category-las-colonias","category-politica"],"_links":{"self":[{"href":"https:\/\/www.almargenweb.com.ar\/web\/wp-json\/wp\/v2\/posts\/30986","targetHints":{"allow":["GET"]}}],"collection":[{"href":"https:\/\/www.almargenweb.com.ar\/web\/wp-json\/wp\/v2\/posts"}],"about":[{"href":"https:\/\/www.almargenweb.com.ar\/web\/wp-json\/wp\/v2\/types\/post"}],"author":[{"embeddable":true,"href":"https:\/\/www.almargenweb.com.ar\/web\/wp-json\/wp\/v2\/users\/16"}],"replies":[{"embeddable":true,"href":"https:\/\/www.almargenweb.com.ar\/web\/wp-json\/wp\/v2\/comments?post=30986"}],"version-history":[{"count":2,"href":"https:\/\/www.almargenweb.com.ar\/web\/wp-json\/wp\/v2\/posts\/30986\/revisions"}],"predecessor-version":[{"id":31000,"href":"https:\/\/www.almargenweb.com.ar\/web\/wp-json\/wp\/v2\/posts\/30986\/revisions\/31000"}],"wp:featuredmedia":[{"embeddable":true,"href":"https:\/\/www.almargenweb.com.ar\/web\/wp-json\/wp\/v2\/media\/30999"}],"wp:attachment":[{"href":"https:\/\/www.almargenweb.com.ar\/web\/wp-json\/wp\/v2\/media?parent=30986"}],"wp:term":[{"taxonomy":"category","embeddable":true,"href":"https:\/\/www.almargenweb.com.ar\/web\/wp-json\/wp\/v2\/categories?post=30986"},{"taxonomy":"post_tag","embeddable":true,"href":"https:\/\/www.almargenweb.com.ar\/web\/wp-json\/wp\/v2\/tags?post=30986"}],"curies":[{"name":"wp","href":"https:\/\/api.w.org\/{rel}","templated":true}]}}