{"id":30978,"date":"2020-11-25T08:20:06","date_gmt":"2020-11-25T11:20:06","guid":{"rendered":"http:\/\/www.almargenweb.com.ar\/web\/?p=30978"},"modified":"2020-11-25T08:20:07","modified_gmt":"2020-11-25T11:20:07","slug":"paso-de-las-piedras-usurpacion-en-propiedad-privada-y-actos-de-vandalismo-falta-de-educacion-falta-de-control-o-carencia-de-logica","status":"publish","type":"post","link":"https:\/\/www.almargenweb.com.ar\/web\/paso-de-las-piedras-usurpacion-en-propiedad-privada-y-actos-de-vandalismo-falta-de-educacion-falta-de-control-o-carencia-de-logica\/","title":{"rendered":"Paso de las piedras; usurpaci\u00f3n en propiedad privada y actos de vandalismo. Falta de educaci\u00f3n, falta de control o carencia de l\u00f3gica?"},"content":{"rendered":"\n<p>Como hechos recurrentes, una y otra vez, los propietarios de caba\u00f1as y casas de fin de semana, en Villa Paso de las Piedras, un paraje que corresponde al distrito de Colonia Rivadavia, a orillas del Arroyo Culul\u00fa, tienen que dar parte a la polic\u00eda por los reiterados actos de vandalismo y la constante usurpaci\u00f3n a la propiedad privada.<\/p>\n\n\n\n<figure class=\"wp-block-image size-large is-resized\"><img loading=\"lazy\" decoding=\"async\" src=\"https:\/\/www.almargenweb.com.ar\/web\/wp-content\/uploads\/2020\/11\/WhatsApp-Image-2020-11-24-at-11.31.31-AM-1-768x1024.jpeg\" alt=\"\" class=\"wp-image-30981\" width=\"435\" height=\"580\" srcset=\"https:\/\/www.almargenweb.com.ar\/web\/wp-content\/uploads\/2020\/11\/WhatsApp-Image-2020-11-24-at-11.31.31-AM-1-768x1024.jpeg 768w, https:\/\/www.almargenweb.com.ar\/web\/wp-content\/uploads\/2020\/11\/WhatsApp-Image-2020-11-24-at-11.31.31-AM-1-225x300.jpeg 225w, https:\/\/www.almargenweb.com.ar\/web\/wp-content\/uploads\/2020\/11\/WhatsApp-Image-2020-11-24-at-11.31.31-AM-1.jpeg 780w\" sizes=\"auto, (max-width: 435px) 100vw, 435px\" \/><figcaption>Vandalismo y basura; como si estar\u00edan impl\u00edcito, imagenes que se ven de forma reiterada.<\/figcaption><\/figure>\n\n\n\n<p>Como si los alambrados perimetrales o los carteles que indican el \u201cpaso prohibido\u201d no signifique absolutamente nada.<\/p>\n\n\n\n<p>Es que tal vez, si nos basamos en las reiteradas ocasiones en que la polic\u00eda act\u00faa en el lugar, para los individuos que una y otra vez se esfuerzan en infringir la Ley de Propiedad Privada, cortando los alambres perimetrales, violentando tranqueras para poder ingresar, no signifique nada, realmente.<\/p>\n\n\n\n<p>Personas que sin ning\u00fan tipo de prurito ingresan a viviendas o terrenos lindantes al lago, usan las instalaciones, aprovech\u00e1ndose de la ausencia de sus propietarios.<\/p>\n\n\n\n<figure class=\"wp-block-image size-large is-resized\"><img loading=\"lazy\" decoding=\"async\" src=\"https:\/\/www.almargenweb.com.ar\/web\/wp-content\/uploads\/2020\/11\/WhatsApp-Image-2020-11-24-at-11.32.33-AM-1.jpeg\" alt=\"\" class=\"wp-image-30982\" width=\"509\" height=\"555\" srcset=\"https:\/\/www.almargenweb.com.ar\/web\/wp-content\/uploads\/2020\/11\/WhatsApp-Image-2020-11-24-at-11.32.33-AM-1.jpeg 720w, https:\/\/www.almargenweb.com.ar\/web\/wp-content\/uploads\/2020\/11\/WhatsApp-Image-2020-11-24-at-11.32.33-AM-1-275x300.jpeg 275w\" sizes=\"auto, (max-width: 509px) 100vw, 509px\" \/><figcaption>La polic\u00eda siempre acude al lugar, muchas veces sin poder registrar a los individuos.<\/figcaption><\/figure>\n\n\n\n<p>En algunos casos, tambi\u00e9n se registraron destrozos hacia esta propiedad, como el caso de la familia Krohling. La cual tiene un campo en esta zona, en el cual sufri\u00f3 la invasi\u00f3n de un grupo de individuos, que rompieron algunos postes y alambrados para ingresar al campo con sus veh\u00edculos y poder acampar.<\/p>\n\n\n\n<figure class=\"wp-block-image size-large is-resized\"><img loading=\"lazy\" decoding=\"async\" src=\"https:\/\/www.almargenweb.com.ar\/web\/wp-content\/uploads\/2020\/11\/WhatsApp-Image-2020-11-24-at-11.31.35-AM-768x1024.jpeg\" alt=\"\" class=\"wp-image-30983\" width=\"473\" height=\"630\" srcset=\"https:\/\/www.almargenweb.com.ar\/web\/wp-content\/uploads\/2020\/11\/WhatsApp-Image-2020-11-24-at-11.31.35-AM-768x1024.jpeg 768w, https:\/\/www.almargenweb.com.ar\/web\/wp-content\/uploads\/2020\/11\/WhatsApp-Image-2020-11-24-at-11.31.35-AM-225x300.jpeg 225w, https:\/\/www.almargenweb.com.ar\/web\/wp-content\/uploads\/2020\/11\/WhatsApp-Image-2020-11-24-at-11.31.35-AM.jpeg 780w\" sizes=\"auto, (max-width: 473px) 100vw, 473px\" \/><figcaption>Im\u00e1genes tomadas por los propietarios, cansados de ver la misma escena.<\/figcaption><\/figure>\n\n\n\n<p>Personas que destrozan, usurpan y roban, actos que se producen de forma reiterada y lleva, no s\u00f3lo a la polic\u00eda que act\u00faa en todos los casos sino tambi\u00e9n a los damnificados a pregustarse que es lo que esta fallando? Falta seguridad? Falta educaci\u00f3n? Falta l\u00f3gica en el sentido com\u00fan?<\/p>\n<!-- AddThis Advanced Settings generic via filter on the_content --><!-- AddThis Share Buttons generic via filter on the_content -->","protected":false},"excerpt":{"rendered":"<p>Como hechos recurrentes, una y otra vez, los propietarios de caba\u00f1as y casas de fin de [&hellip;]<!-- AddThis Advanced Settings generic via filter on get_the_excerpt --><!-- AddThis Share Buttons generic via filter on get_the_excerpt --><\/p>\n","protected":false},"author":16,"featured_media":30980,"comment_status":"open","ping_status":"open","sticky":false,"template":"","format":"standard","meta":{"_seopress_robots_primary_cat":"none","_seopress_titles_title":"","_seopress_titles_desc":"","_seopress_robots_index":"","_themeisle_gutenberg_block_has_review":false,"footnotes":""},"categories":[2,20,21],"tags":[],"class_list":["post-30978","post","type-post","status-publish","format-standard","has-post-thumbnail","hentry","category-actualidad","category-departamentales","category-las-colonias"],"_links":{"self":[{"href":"https:\/\/www.almargenweb.com.ar\/web\/wp-json\/wp\/v2\/posts\/30978","targetHints":{"allow":["GET"]}}],"collection":[{"href":"https:\/\/www.almargenweb.com.ar\/web\/wp-json\/wp\/v2\/posts"}],"about":[{"href":"https:\/\/www.almargenweb.com.ar\/web\/wp-json\/wp\/v2\/types\/post"}],"author":[{"embeddable":true,"href":"https:\/\/www.almargenweb.com.ar\/web\/wp-json\/wp\/v2\/users\/16"}],"replies":[{"embeddable":true,"href":"https:\/\/www.almargenweb.com.ar\/web\/wp-json\/wp\/v2\/comments?post=30978"}],"version-history":[{"count":1,"href":"https:\/\/www.almargenweb.com.ar\/web\/wp-json\/wp\/v2\/posts\/30978\/revisions"}],"predecessor-version":[{"id":30984,"href":"https:\/\/www.almargenweb.com.ar\/web\/wp-json\/wp\/v2\/posts\/30978\/revisions\/30984"}],"wp:featuredmedia":[{"embeddable":true,"href":"https:\/\/www.almargenweb.com.ar\/web\/wp-json\/wp\/v2\/media\/30980"}],"wp:attachment":[{"href":"https:\/\/www.almargenweb.com.ar\/web\/wp-json\/wp\/v2\/media?parent=30978"}],"wp:term":[{"taxonomy":"category","embeddable":true,"href":"https:\/\/www.almargenweb.com.ar\/web\/wp-json\/wp\/v2\/categories?post=30978"},{"taxonomy":"post_tag","embeddable":true,"href":"https:\/\/www.almargenweb.com.ar\/web\/wp-json\/wp\/v2\/tags?post=30978"}],"curies":[{"name":"wp","href":"https:\/\/api.w.org\/{rel}","templated":true}]}}