{"id":30949,"date":"2020-11-24T15:33:44","date_gmt":"2020-11-24T18:33:44","guid":{"rendered":"http:\/\/www.almargenweb.com.ar\/web\/?p=30949"},"modified":"2020-11-24T15:46:45","modified_gmt":"2020-11-24T18:46:45","slug":"san-jeronimo-del-sauce-premiaran-adornos-navidenos-realizados-con-materiales-reciclados-deco-navidad","status":"publish","type":"post","link":"https:\/\/www.almargenweb.com.ar\/web\/san-jeronimo-del-sauce-premiaran-adornos-navidenos-realizados-con-materiales-reciclados-deco-navidad\/","title":{"rendered":"San Jer\u00f3nimo del Sauce; premiaran adornos navide\u00f1os realizados con materiales reciclados \u201cDeco-Navidad\u201d"},"content":{"rendered":"\n<p>Con el objetivo de fomentar y concientizar sobre la necesidad de reciclar materiales en desuso que pueden servir para elaborar adornos navide\u00f1os; estimular pr\u00e1cticas amigables con el ambiente y crear espacios de participaci\u00f3n ciudadana y de sensibilizaci\u00f3n ambiental, la comuna de San Jer\u00f3nimo del Sauce lanz\u00f3 su concurso navide\u00f1o.<\/p>\n\n\n\n<p>De la mano de la Casa de la Cultura, lanza el concurso \u201cNavidad Deco-Reciclable\u201d, a trav\u00e9s del cual se convoca a la elaboraci\u00f3n de adornos navide\u00f1os utilizando materiales reutilizados o reciclados para ornamentar el frente de los hogares.<\/p>\n\n\n\n<p>El Concurso estar\u00e1 en vigencia hasta el 15 de diciembre de 2020. Los participantes deben enviar hasta el 15 de diciembre inclusive, fotos de los frentes decorados, mediante mensaje privado al facebook oficial: Daniel Comuna Sjs R\u00edos o por whatsapp al (0342) 155244952<\/p>\n\n\n\n<p>Las fotos se publicar\u00e1n en las redes sociales desde el 16 al 20 de Diciembre. Se cargar\u00e1n todas las fotos en un \u00e1lbum denominado \u201cConcurso Navide\u00f1o\u201d, donde los participantes, sus amigos y familiares, podr\u00e1n votar con la opci\u00f3n \u201cMe Gusta\u201d. Resultar\u00e1 ganador del concurso la fotograf\u00eda que reciba m\u00e1s \u201cMe gusta\u201d, al momento del cierre de la votaci\u00f3n.<\/p>\n\n\n\n<figure class=\"wp-block-image size-large\"><img loading=\"lazy\" decoding=\"async\" width=\"750\" height=\"500\" src=\"https:\/\/www.almargenweb.com.ar\/web\/wp-content\/uploads\/2020\/11\/1605784302024.jpg\" alt=\"\" class=\"wp-image-30952\" srcset=\"https:\/\/www.almargenweb.com.ar\/web\/wp-content\/uploads\/2020\/11\/1605784302024.jpg 750w, https:\/\/www.almargenweb.com.ar\/web\/wp-content\/uploads\/2020\/11\/1605784302024-300x200.jpg 300w\" sizes=\"auto, (max-width: 750px) 100vw, 750px\" \/><figcaption>Las fotos se publicar\u00e1n en las redes sociales desde el 16 al 20 de Diciembre.<\/figcaption><\/figure>\n\n\n\n<p>Habr\u00e1 premio para 1\u00b0, 2\u00b0 y 3\u00b0 ( los \u00faltimos dos, ser\u00e1n elegidos por miembros colaboradores de la instituci\u00f3n organizadora).<\/p>\n\n\n\n<p>Cabe destacar que a todos los participantes, se les otorgar\u00e1 un n\u00famero mediante el cual, participar\u00e1n de sorteos extras.<br>La selecci\u00f3n de los ganadores se realizar\u00e1 el lunes 21 de diciembre. Y los premios se entregar\u00e1n el martes 22 de diciembre. Los ganadores ser\u00e1n convocados por la Casa de la Cultura.<\/p>\n<!-- AddThis Advanced Settings generic via filter on the_content --><!-- AddThis Share Buttons generic via filter on the_content -->","protected":false},"excerpt":{"rendered":"<p>Con el objetivo de fomentar y concientizar sobre la necesidad de reciclar materiales en desuso que [&hellip;]<!-- AddThis Advanced Settings generic via filter on get_the_excerpt --><!-- AddThis Share Buttons generic via filter on get_the_excerpt --><\/p>\n","protected":false},"author":16,"featured_media":30951,"comment_status":"open","ping_status":"open","sticky":false,"template":"","format":"standard","meta":{"_seopress_robots_primary_cat":"none","_seopress_titles_title":"","_seopress_titles_desc":"","_seopress_robots_index":"","_themeisle_gutenberg_block_has_review":false,"footnotes":""},"categories":[2,21],"tags":[],"class_list":["post-30949","post","type-post","status-publish","format-standard","has-post-thumbnail","hentry","category-actualidad","category-las-colonias"],"_links":{"self":[{"href":"https:\/\/www.almargenweb.com.ar\/web\/wp-json\/wp\/v2\/posts\/30949","targetHints":{"allow":["GET"]}}],"collection":[{"href":"https:\/\/www.almargenweb.com.ar\/web\/wp-json\/wp\/v2\/posts"}],"about":[{"href":"https:\/\/www.almargenweb.com.ar\/web\/wp-json\/wp\/v2\/types\/post"}],"author":[{"embeddable":true,"href":"https:\/\/www.almargenweb.com.ar\/web\/wp-json\/wp\/v2\/users\/16"}],"replies":[{"embeddable":true,"href":"https:\/\/www.almargenweb.com.ar\/web\/wp-json\/wp\/v2\/comments?post=30949"}],"version-history":[{"count":2,"href":"https:\/\/www.almargenweb.com.ar\/web\/wp-json\/wp\/v2\/posts\/30949\/revisions"}],"predecessor-version":[{"id":30955,"href":"https:\/\/www.almargenweb.com.ar\/web\/wp-json\/wp\/v2\/posts\/30949\/revisions\/30955"}],"wp:featuredmedia":[{"embeddable":true,"href":"https:\/\/www.almargenweb.com.ar\/web\/wp-json\/wp\/v2\/media\/30951"}],"wp:attachment":[{"href":"https:\/\/www.almargenweb.com.ar\/web\/wp-json\/wp\/v2\/media?parent=30949"}],"wp:term":[{"taxonomy":"category","embeddable":true,"href":"https:\/\/www.almargenweb.com.ar\/web\/wp-json\/wp\/v2\/categories?post=30949"},{"taxonomy":"post_tag","embeddable":true,"href":"https:\/\/www.almargenweb.com.ar\/web\/wp-json\/wp\/v2\/tags?post=30949"}],"curies":[{"name":"wp","href":"https:\/\/api.w.org\/{rel}","templated":true}]}}