{"id":30941,"date":"2020-11-24T09:13:25","date_gmt":"2020-11-24T12:13:25","guid":{"rendered":"http:\/\/www.almargenweb.com.ar\/web\/?p=30941"},"modified":"2020-11-24T09:13:26","modified_gmt":"2020-11-24T12:13:26","slug":"altas-temperatura-y-un-alerta-meteorologico-que-traeria-algo-de-alivio-en-la-region","status":"publish","type":"post","link":"https:\/\/www.almargenweb.com.ar\/web\/altas-temperatura-y-un-alerta-meteorologico-que-traeria-algo-de-alivio-en-la-region\/","title":{"rendered":"Altas temperatura y un alerta meteorol\u00f3gico que, traer\u00eda algo de alivio en la regi\u00f3n."},"content":{"rendered":"\n<p>Se aproxima lentamente hacia esta zona del pa\u00eds un frente fr\u00edo proveniente de la Patagonia que producir\u00e1 un desmejoramiento en las condiciones del tiempo sobre la ciudad de esperanza y alrededores.<\/p>\n\n\n\n<p> El frente estar\u00eda llegando a nuestra zona hacia finales de la jornada del martes, y la inestabilidad se mantendr\u00e1 hasta la pr\u00f3xima semana.<\/p>\n\n\n\n<p>Este martes, se espera una temperatura m\u00ednima de 24\u00b0, una m\u00e1xima de 39\u00b0 y viento leve a moderado del norte.<\/p>\n\n\n\n<figure class=\"wp-block-image size-large\"><img loading=\"lazy\" decoding=\"async\" width=\"1024\" height=\"685\" src=\"https:\/\/www.almargenweb.com.ar\/web\/wp-content\/uploads\/2020\/11\/DSC00056-1024x685.jpg\" alt=\"\" class=\"wp-image-30944\" srcset=\"https:\/\/www.almargenweb.com.ar\/web\/wp-content\/uploads\/2020\/11\/DSC00056-1024x685.jpg 1024w, https:\/\/www.almargenweb.com.ar\/web\/wp-content\/uploads\/2020\/11\/DSC00056-300x201.jpg 300w, https:\/\/www.almargenweb.com.ar\/web\/wp-content\/uploads\/2020\/11\/DSC00056-768x514.jpg 768w, https:\/\/www.almargenweb.com.ar\/web\/wp-content\/uploads\/2020\/11\/DSC00056.jpg 1200w\" sizes=\"auto, (max-width: 1024px) 100vw, 1024px\" \/><figcaption>D\u00edas grises; se espera que el mal tiempo dure hasta el martes 1 de diciembre.<\/figcaption><\/figure>\n\n\n\n<p>Las lluvias y algunas tormentas abarcar\u00edan principalmente la madrugada del mi\u00e9rcoles. Los mejoramientos ser\u00e1n temporarios, debido a que las condiciones permanecer\u00edan inestables al menos hasta el martes 1\u00b0 de diciembre.<\/p>\n\n\n\n<p>El Servicio meteorol\u00f3gico nacional renov\u00f3 el alerta por tormentas fuertes, abarcando las siguientes regiones;<\/p>\n\n\n\n<p>Noreste, centro y sur de la provincia de Buenos Aires, centro y sur de C\u00f3rdoba,  San Luis y centro sur de santa fe.<\/p>\n\n\n\n<p>Se prev\u00e9 que algunas de estas tormentas puedan ser intensamente fuertes con ca\u00edda de granizo y r\u00e1fagas de viento.<\/p>\n<!-- AddThis Advanced Settings generic via filter on the_content --><!-- AddThis Share Buttons generic via filter on the_content -->","protected":false},"excerpt":{"rendered":"<p>Se aproxima lentamente hacia esta zona del pa\u00eds un frente fr\u00edo proveniente de la Patagonia que [&hellip;]<!-- AddThis Advanced Settings generic via filter on get_the_excerpt --><!-- AddThis Share Buttons generic via filter on get_the_excerpt --><\/p>\n","protected":false},"author":16,"featured_media":30943,"comment_status":"open","ping_status":"open","sticky":false,"template":"","format":"standard","meta":{"_seopress_robots_primary_cat":"none","_seopress_titles_title":"","_seopress_titles_desc":"","_seopress_robots_index":"","_themeisle_gutenberg_block_has_review":false,"footnotes":""},"categories":[2,47],"tags":[],"class_list":["post-30941","post","type-post","status-publish","format-standard","has-post-thumbnail","hentry","category-actualidad","category-locales"],"_links":{"self":[{"href":"https:\/\/www.almargenweb.com.ar\/web\/wp-json\/wp\/v2\/posts\/30941","targetHints":{"allow":["GET"]}}],"collection":[{"href":"https:\/\/www.almargenweb.com.ar\/web\/wp-json\/wp\/v2\/posts"}],"about":[{"href":"https:\/\/www.almargenweb.com.ar\/web\/wp-json\/wp\/v2\/types\/post"}],"author":[{"embeddable":true,"href":"https:\/\/www.almargenweb.com.ar\/web\/wp-json\/wp\/v2\/users\/16"}],"replies":[{"embeddable":true,"href":"https:\/\/www.almargenweb.com.ar\/web\/wp-json\/wp\/v2\/comments?post=30941"}],"version-history":[{"count":1,"href":"https:\/\/www.almargenweb.com.ar\/web\/wp-json\/wp\/v2\/posts\/30941\/revisions"}],"predecessor-version":[{"id":30945,"href":"https:\/\/www.almargenweb.com.ar\/web\/wp-json\/wp\/v2\/posts\/30941\/revisions\/30945"}],"wp:featuredmedia":[{"embeddable":true,"href":"https:\/\/www.almargenweb.com.ar\/web\/wp-json\/wp\/v2\/media\/30943"}],"wp:attachment":[{"href":"https:\/\/www.almargenweb.com.ar\/web\/wp-json\/wp\/v2\/media?parent=30941"}],"wp:term":[{"taxonomy":"category","embeddable":true,"href":"https:\/\/www.almargenweb.com.ar\/web\/wp-json\/wp\/v2\/categories?post=30941"},{"taxonomy":"post_tag","embeddable":true,"href":"https:\/\/www.almargenweb.com.ar\/web\/wp-json\/wp\/v2\/tags?post=30941"}],"curies":[{"name":"wp","href":"https:\/\/api.w.org\/{rel}","templated":true}]}}