{"id":30776,"date":"2020-11-19T14:43:10","date_gmt":"2020-11-19T17:43:10","guid":{"rendered":"http:\/\/www.almargenweb.com.ar\/web\/?p=30776"},"modified":"2020-11-19T14:43:11","modified_gmt":"2020-11-19T17:43:11","slug":"grutly-el-paseo-de-los-ninos-sigue-creciendo","status":"publish","type":"post","link":"https:\/\/www.almargenweb.com.ar\/web\/grutly-el-paseo-de-los-ninos-sigue-creciendo\/","title":{"rendered":"Grutly; el &#8220;Paseo de los Ni\u00f1os&#8221; sigue creciendo."},"content":{"rendered":"\n<p>La vecina localidad de Grutly,  que desde el a\u00f1o 2018 se sum\u00f3 a la plantaci\u00f3n de un \u00e1rbol por nacimiento, invita a las familias del pueblo -que cuenten con un nuevo integrante nacido entre agosto del 2019 y septiembre del 2020- a inscribirse para continuar forestando el predio.<\/p>\n\n\n\n<p>Con el objetivo de seguir preparando y d\u00e1ndole vida al Paseo de Los Ni\u00f1os, las familias de Gr\u00fctly cuentan con una nueva propuesta.<\/p>\n\n\n\n<p>La actividad organizada desde la comuna local, se suma a la plantaci\u00f3n de un \u00e1rbol por nacimiento, que con gran \u00e9xito se replica en otras localidades de la regi\u00f3n. <\/p>\n\n\n\n<figure class=\"wp-block-image size-large\"><img loading=\"lazy\" decoding=\"async\" width=\"1024\" height=\"768\" src=\"https:\/\/www.almargenweb.com.ar\/web\/wp-content\/uploads\/2020\/11\/125996388_703493866941709_714797946970474425_o-1024x768.jpg\" alt=\"\" class=\"wp-image-30779\" srcset=\"https:\/\/www.almargenweb.com.ar\/web\/wp-content\/uploads\/2020\/11\/125996388_703493866941709_714797946970474425_o-1024x768.jpg 1024w, https:\/\/www.almargenweb.com.ar\/web\/wp-content\/uploads\/2020\/11\/125996388_703493866941709_714797946970474425_o-300x225.jpg 300w, https:\/\/www.almargenweb.com.ar\/web\/wp-content\/uploads\/2020\/11\/125996388_703493866941709_714797946970474425_o-768x576.jpg 768w, https:\/\/www.almargenweb.com.ar\/web\/wp-content\/uploads\/2020\/11\/125996388_703493866941709_714797946970474425_o.jpg 1040w\" sizes=\"auto, (max-width: 1024px) 100vw, 1024px\" \/><figcaption> Cuidar\u00e1s de este \u00e1rbol; la iniciativa tiene como respaldo el amor y respeto hacia la naturaleza, desde la educaci\u00f3n temprana. <\/figcaption><\/figure>\n\n\n\n<p>La iniciativa del Ejecutivo, lleva dos a\u00f1os en actividad permanente. Mientras que la localidad sigue sumando nuevos integrantes; los reci\u00e9n nacidos, se traducen en nuevas especies arb\u00f3reas en el Paseo de los Ni\u00f1os. De esta forma se continua con la forestaci\u00f3n del predio, creando conciencia sobre la importancia de repoblar con especies aut\u00f3ctonas y educando desde la mas temprana edad, sobre el respeto a la naturaleza.<\/p>\n\n\n\n<p><\/p>\n\n\n\n<p> <\/p>\n<!-- AddThis Advanced Settings generic via filter on the_content --><!-- AddThis Share Buttons generic via filter on the_content -->","protected":false},"excerpt":{"rendered":"<p>La vecina localidad de Grutly, que desde el a\u00f1o 2018 se sum\u00f3 a la plantaci\u00f3n de [&hellip;]<!-- AddThis Advanced Settings generic via filter on get_the_excerpt --><!-- AddThis Share Buttons generic via filter on get_the_excerpt --><\/p>\n","protected":false},"author":16,"featured_media":30780,"comment_status":"open","ping_status":"open","sticky":false,"template":"","format":"standard","meta":{"_seopress_robots_primary_cat":"none","_seopress_titles_title":"","_seopress_titles_desc":"","_seopress_robots_index":"","_themeisle_gutenberg_block_has_review":false,"footnotes":""},"categories":[2,164,19,21],"tags":[],"class_list":["post-30776","post","type-post","status-publish","format-standard","has-post-thumbnail","hentry","category-actualidad","category-ambiente","category-educacion","category-las-colonias"],"_links":{"self":[{"href":"https:\/\/www.almargenweb.com.ar\/web\/wp-json\/wp\/v2\/posts\/30776","targetHints":{"allow":["GET"]}}],"collection":[{"href":"https:\/\/www.almargenweb.com.ar\/web\/wp-json\/wp\/v2\/posts"}],"about":[{"href":"https:\/\/www.almargenweb.com.ar\/web\/wp-json\/wp\/v2\/types\/post"}],"author":[{"embeddable":true,"href":"https:\/\/www.almargenweb.com.ar\/web\/wp-json\/wp\/v2\/users\/16"}],"replies":[{"embeddable":true,"href":"https:\/\/www.almargenweb.com.ar\/web\/wp-json\/wp\/v2\/comments?post=30776"}],"version-history":[{"count":1,"href":"https:\/\/www.almargenweb.com.ar\/web\/wp-json\/wp\/v2\/posts\/30776\/revisions"}],"predecessor-version":[{"id":30781,"href":"https:\/\/www.almargenweb.com.ar\/web\/wp-json\/wp\/v2\/posts\/30776\/revisions\/30781"}],"wp:featuredmedia":[{"embeddable":true,"href":"https:\/\/www.almargenweb.com.ar\/web\/wp-json\/wp\/v2\/media\/30780"}],"wp:attachment":[{"href":"https:\/\/www.almargenweb.com.ar\/web\/wp-json\/wp\/v2\/media?parent=30776"}],"wp:term":[{"taxonomy":"category","embeddable":true,"href":"https:\/\/www.almargenweb.com.ar\/web\/wp-json\/wp\/v2\/categories?post=30776"},{"taxonomy":"post_tag","embeddable":true,"href":"https:\/\/www.almargenweb.com.ar\/web\/wp-json\/wp\/v2\/tags?post=30776"}],"curies":[{"name":"wp","href":"https:\/\/api.w.org\/{rel}","templated":true}]}}