{"id":30735,"date":"2020-11-18T14:15:44","date_gmt":"2020-11-18T17:15:44","guid":{"rendered":"http:\/\/www.almargenweb.com.ar\/web\/?p=30735"},"modified":"2020-11-18T14:15:46","modified_gmt":"2020-11-18T17:15:46","slug":"la-gira-cultural-historias-ilustradas-desembarca-hoy-en-sarmiento","status":"publish","type":"post","link":"https:\/\/www.almargenweb.com.ar\/web\/la-gira-cultural-historias-ilustradas-desembarca-hoy-en-sarmiento\/","title":{"rendered":"La gira cultural &#8220;Historias Ilustradas&#8221; desembarca hoy en Sarmiento."},"content":{"rendered":"\n<p>El reconocido dibujante e ilustrador rosarino, Carlos Barocelli, don\u00f3 a la Secretaria de Cultura de Villa Constituci\u00f3n, durante el mes de abril de 2019 estas producciones que forman parte de una muestra que involucr\u00f3 a m\u00e1s de 70 ilustradores y dibujantes.<\/p>\n\n\n\n<p>En los pr\u00f3ximos d\u00edas dicha propuesta con el protocolo y cuidado correspondiente iniciar\u00e1 su recorrido por la Usina II del Ente Cultural Santafesino, comenzando su recorrido en la localidad de Ramona y finalizando en Bella Italia.<\/p>\n\n\n\n<p>La gira comenz\u00f3 en La Pelada el pasado domingo 4 de octubre y continuar\u00e1 en Providencia el 11 de noviembre; en Sarmiento el 18 de noviembre, en Felicia el 25 de noviembre y culminar\u00e1 en Nuevo Torino el pr\u00f3ximo 2 de diciembre.<\/p>\n\n\n\n<figure class=\"wp-block-image size-large\"><img loading=\"lazy\" decoding=\"async\" width=\"1024\" height=\"678\" src=\"https:\/\/www.almargenweb.com.ar\/web\/wp-content\/uploads\/2020\/11\/Screenshot_2020-11-18-14-06-04-411_com.android.chrome-01-1024x678.jpeg\" alt=\"\" class=\"wp-image-30738\" srcset=\"https:\/\/www.almargenweb.com.ar\/web\/wp-content\/uploads\/2020\/11\/Screenshot_2020-11-18-14-06-04-411_com.android.chrome-01-1024x678.jpeg 1024w, https:\/\/www.almargenweb.com.ar\/web\/wp-content\/uploads\/2020\/11\/Screenshot_2020-11-18-14-06-04-411_com.android.chrome-01-300x199.jpeg 300w, https:\/\/www.almargenweb.com.ar\/web\/wp-content\/uploads\/2020\/11\/Screenshot_2020-11-18-14-06-04-411_com.android.chrome-01-768x509.jpeg 768w, https:\/\/www.almargenweb.com.ar\/web\/wp-content\/uploads\/2020\/11\/Screenshot_2020-11-18-14-06-04-411_com.android.chrome-01.jpeg 1049w\" sizes=\"auto, (max-width: 1024px) 100vw, 1024px\" \/><figcaption>La cultura de gira; la muestra itinerante recorri\u00f3 varias localidades del Departamento Las Colonias, hoy es el turno de Sarmiento.<\/figcaption><\/figure>\n\n\n\n<p>Carlos Barocelli, cont\u00f3 que \u201cHistorias Ilustradas\u201d es un proyecto itinerante que mediante im\u00e1genes creadas por dibujantes, retratistas, historietistas, humoristas gr\u00e1ficos, dise\u00f1adores, ilustradores e historiadores de la ciudad de Rosario, de Santa Fe y de diversas provincias argentinas, recorre con una tem\u00e1tica hist\u00f3rica desde la revoluci\u00f3n de Mayo de 1810 hasta la ca\u00edda de Rosas.<\/p>\n\n\n\n<p>El Presidente del Ente Cultural Santafesino Franco Pietrani manifest\u00f3 su satisfacci\u00f3n porque a pesar de la pandemia se pueden seguir articulando acciones permitiendo la difusi\u00f3n y visibilidad de producciones y acercando propuestas a las distintas comunidades.<\/p>\n\n\n\n<p>\u201cCompartiendo Cultura\u201d<\/p>\n\n\n\n<p>Dicho programa que posee la finalidad de intercambiar e interaccionar propuestas art\u00edsticas pertenecientes a las comunidades que integran dicho espacio cultural; jerarquizando y promoviendo la red social, cultural y de inclusi\u00f3n de los m\u00faltiples artistas santafesinos.<\/p>\n\n\n\n<p><\/p>\n\n\n\n<p><\/p>\n<!-- AddThis Advanced Settings generic via filter on the_content --><!-- AddThis Share Buttons generic via filter on the_content -->","protected":false},"excerpt":{"rendered":"<p>El reconocido dibujante e ilustrador rosarino, Carlos Barocelli, don\u00f3 a la Secretaria de Cultura de Villa [&hellip;]<!-- AddThis Advanced Settings generic via filter on get_the_excerpt --><!-- AddThis Share Buttons generic via filter on get_the_excerpt --><\/p>\n","protected":false},"author":16,"featured_media":30737,"comment_status":"open","ping_status":"open","sticky":false,"template":"","format":"standard","meta":{"_seopress_robots_primary_cat":"none","_seopress_titles_title":"","_seopress_titles_desc":"","_seopress_robots_index":"","_themeisle_gutenberg_block_has_review":false,"footnotes":""},"categories":[2,3,20,21],"tags":[],"class_list":["post-30735","post","type-post","status-publish","format-standard","has-post-thumbnail","hentry","category-actualidad","category-cultura","category-departamentales","category-las-colonias"],"_links":{"self":[{"href":"https:\/\/www.almargenweb.com.ar\/web\/wp-json\/wp\/v2\/posts\/30735","targetHints":{"allow":["GET"]}}],"collection":[{"href":"https:\/\/www.almargenweb.com.ar\/web\/wp-json\/wp\/v2\/posts"}],"about":[{"href":"https:\/\/www.almargenweb.com.ar\/web\/wp-json\/wp\/v2\/types\/post"}],"author":[{"embeddable":true,"href":"https:\/\/www.almargenweb.com.ar\/web\/wp-json\/wp\/v2\/users\/16"}],"replies":[{"embeddable":true,"href":"https:\/\/www.almargenweb.com.ar\/web\/wp-json\/wp\/v2\/comments?post=30735"}],"version-history":[{"count":1,"href":"https:\/\/www.almargenweb.com.ar\/web\/wp-json\/wp\/v2\/posts\/30735\/revisions"}],"predecessor-version":[{"id":30739,"href":"https:\/\/www.almargenweb.com.ar\/web\/wp-json\/wp\/v2\/posts\/30735\/revisions\/30739"}],"wp:featuredmedia":[{"embeddable":true,"href":"https:\/\/www.almargenweb.com.ar\/web\/wp-json\/wp\/v2\/media\/30737"}],"wp:attachment":[{"href":"https:\/\/www.almargenweb.com.ar\/web\/wp-json\/wp\/v2\/media?parent=30735"}],"wp:term":[{"taxonomy":"category","embeddable":true,"href":"https:\/\/www.almargenweb.com.ar\/web\/wp-json\/wp\/v2\/categories?post=30735"},{"taxonomy":"post_tag","embeddable":true,"href":"https:\/\/www.almargenweb.com.ar\/web\/wp-json\/wp\/v2\/tags?post=30735"}],"curies":[{"name":"wp","href":"https:\/\/api.w.org\/{rel}","templated":true}]}}