{"id":30678,"date":"2020-11-17T08:51:12","date_gmt":"2020-11-17T11:51:12","guid":{"rendered":"http:\/\/www.almargenweb.com.ar\/web\/?p=30678"},"modified":"2020-11-17T08:51:12","modified_gmt":"2020-11-17T11:51:12","slug":"cero-generacion-de-residuos-el-concejal-radical-rodrigo-muller-se-refirio-al-proyecto-presentado-junto-al-equipo-esperanza","status":"publish","type":"post","link":"https:\/\/www.almargenweb.com.ar\/web\/cero-generacion-de-residuos-el-concejal-radical-rodrigo-muller-se-refirio-al-proyecto-presentado-junto-al-equipo-esperanza\/","title":{"rendered":"\u201cCero Generaci\u00f3n de Residuos&#8221; el concejal radical Rodrigo M\u00fcller, se refiri\u00f3 al proyecto presentado junto al Equipo Esperanza."},"content":{"rendered":"\n<p>El concejal radical Rodrigo M\u00fcller, se refiri\u00f3 al proyecto presentado junto al Equipo Esperanza para regular, en el \u00e1mbito municipal, la generaci\u00f3n, manipulaci\u00f3n, operaci\u00f3n, transporte, tratamiento y disposici\u00f3n final de las distintas categor\u00edas de residuos<\/p>\n\n\n\n<p>Con esta iniciativa logramos proponer junto a todo un Equipo que trabaja por Esperanza, buscamos cumplir con la meta de \u201cCero Generaci\u00f3n de Residuos\u201d, por medio del uso racional y sustentable de todos los recursos. Ponemos como prioridad a las pol\u00edticas de educaci\u00f3n ambiental que permiten suscitar cambios en los valores y conductas sociales que posibiliten un desarrollo sustentable.<\/p>\n\n\n\n<figure class=\"wp-block-image size-large\"><img loading=\"lazy\" decoding=\"async\" width=\"1024\" height=\"602\" src=\"https:\/\/www.almargenweb.com.ar\/web\/wp-content\/uploads\/2020\/11\/901385_10200862822802117_749211177_o-1024x602.jpg\" alt=\"\" class=\"wp-image-30681\" srcset=\"https:\/\/www.almargenweb.com.ar\/web\/wp-content\/uploads\/2020\/11\/901385_10200862822802117_749211177_o-1024x602.jpg 1024w, https:\/\/www.almargenweb.com.ar\/web\/wp-content\/uploads\/2020\/11\/901385_10200862822802117_749211177_o-300x176.jpg 300w, https:\/\/www.almargenweb.com.ar\/web\/wp-content\/uploads\/2020\/11\/901385_10200862822802117_749211177_o-768x451.jpg 768w, https:\/\/www.almargenweb.com.ar\/web\/wp-content\/uploads\/2020\/11\/901385_10200862822802117_749211177_o.jpg 1200w\" sizes=\"auto, (max-width: 1024px) 100vw, 1024px\" \/><figcaption>Grupo Esperanza; &#8220;Nuestra intenci\u00f3n es seguir trabajando todos los d\u00edas y presentar proyectos y propuestas alternativas que sean superadoras para la ciudad de Esperanza&#8221;<\/figcaption><\/figure>\n\n\n\n<p>Hoy vemos con mucha preocupaci\u00f3n lo que sucede en materia de residuos por eso en el marco de una oposici\u00f3n propositiva pretendemos estar a la altura de lo que la ciudad demanda.<\/p>\n\n\n\n<p>Para el proyecto aportaron ideas desde el Equipo Esperanza, un grupo de j\u00f3venes que queremos una ciudad mejor y estamos convencidos que los problemas se resuelven con pol\u00edticas p\u00fablicas con visi\u00f3n de futuro y sustentables en el tiempo. Junto a Lorena Doming, Natalia Fruttero, Mar\u00eda Ines Stegmayer, Samira Cobos, Andres Gren\u00f3n y varios m\u00e1s pudimos construir este proyecto que presentamos.<\/p>\n\n\n\n<p>Nuestra iniciativa se diferencia en 14 puntos del otro proyecto que existe en el Concejo. Y la prioridad para nosotros es la educaci\u00f3n ambiental, la econom\u00eda circular, la eliminaci\u00f3n del pl\u00e1stico no reutilizable y que el Estado Municipal sea el ejemplo a trav\u00e9s de las compras sustentables por citar algunas cosas, en el armado de un proyecto de gesti\u00f3n de residuos para la ciudad.<\/p>\n\n\n\n<figure class=\"wp-block-image size-large\"><img loading=\"lazy\" decoding=\"async\" width=\"1024\" height=\"1024\" src=\"https:\/\/www.almargenweb.com.ar\/web\/wp-content\/uploads\/2020\/11\/WhatsApp-Image-2020-11-15-at-19.27.04-1024x1024.jpeg\" alt=\"\" class=\"wp-image-30682\" srcset=\"https:\/\/www.almargenweb.com.ar\/web\/wp-content\/uploads\/2020\/11\/WhatsApp-Image-2020-11-15-at-19.27.04-1024x1024.jpeg 1024w, https:\/\/www.almargenweb.com.ar\/web\/wp-content\/uploads\/2020\/11\/WhatsApp-Image-2020-11-15-at-19.27.04-300x300.jpeg 300w, https:\/\/www.almargenweb.com.ar\/web\/wp-content\/uploads\/2020\/11\/WhatsApp-Image-2020-11-15-at-19.27.04-150x150.jpeg 150w, https:\/\/www.almargenweb.com.ar\/web\/wp-content\/uploads\/2020\/11\/WhatsApp-Image-2020-11-15-at-19.27.04-768x768.jpeg 768w, https:\/\/www.almargenweb.com.ar\/web\/wp-content\/uploads\/2020\/11\/WhatsApp-Image-2020-11-15-at-19.27.04.jpeg 1200w\" sizes=\"auto, (max-width: 1024px) 100vw, 1024px\" \/><figcaption>Comparaci\u00f3n de propuestas de la UCR con el bloque oficialista.<\/figcaption><\/figure>\n<!-- AddThis Advanced Settings generic via filter on the_content --><!-- AddThis Share Buttons generic via filter on the_content -->","protected":false},"excerpt":{"rendered":"<p>El concejal radical Rodrigo M\u00fcller, se refiri\u00f3 al proyecto presentado junto al Equipo Esperanza para regular, [&hellip;]<!-- AddThis Advanced Settings generic via filter on get_the_excerpt --><!-- AddThis Share Buttons generic via filter on get_the_excerpt --><\/p>\n","protected":false},"author":16,"featured_media":30680,"comment_status":"open","ping_status":"open","sticky":false,"template":"","format":"standard","meta":{"_seopress_robots_primary_cat":"none","_seopress_titles_title":"","_seopress_titles_desc":"","_seopress_robots_index":"","_themeisle_gutenberg_block_has_review":false,"footnotes":""},"categories":[2,164,47,9],"tags":[],"class_list":["post-30678","post","type-post","status-publish","format-standard","has-post-thumbnail","hentry","category-actualidad","category-ambiente","category-locales","category-politica"],"_links":{"self":[{"href":"https:\/\/www.almargenweb.com.ar\/web\/wp-json\/wp\/v2\/posts\/30678","targetHints":{"allow":["GET"]}}],"collection":[{"href":"https:\/\/www.almargenweb.com.ar\/web\/wp-json\/wp\/v2\/posts"}],"about":[{"href":"https:\/\/www.almargenweb.com.ar\/web\/wp-json\/wp\/v2\/types\/post"}],"author":[{"embeddable":true,"href":"https:\/\/www.almargenweb.com.ar\/web\/wp-json\/wp\/v2\/users\/16"}],"replies":[{"embeddable":true,"href":"https:\/\/www.almargenweb.com.ar\/web\/wp-json\/wp\/v2\/comments?post=30678"}],"version-history":[{"count":1,"href":"https:\/\/www.almargenweb.com.ar\/web\/wp-json\/wp\/v2\/posts\/30678\/revisions"}],"predecessor-version":[{"id":30683,"href":"https:\/\/www.almargenweb.com.ar\/web\/wp-json\/wp\/v2\/posts\/30678\/revisions\/30683"}],"wp:featuredmedia":[{"embeddable":true,"href":"https:\/\/www.almargenweb.com.ar\/web\/wp-json\/wp\/v2\/media\/30680"}],"wp:attachment":[{"href":"https:\/\/www.almargenweb.com.ar\/web\/wp-json\/wp\/v2\/media?parent=30678"}],"wp:term":[{"taxonomy":"category","embeddable":true,"href":"https:\/\/www.almargenweb.com.ar\/web\/wp-json\/wp\/v2\/categories?post=30678"},{"taxonomy":"post_tag","embeddable":true,"href":"https:\/\/www.almargenweb.com.ar\/web\/wp-json\/wp\/v2\/tags?post=30678"}],"curies":[{"name":"wp","href":"https:\/\/api.w.org\/{rel}","templated":true}]}}