{"id":30555,"date":"2020-11-13T09:30:00","date_gmt":"2020-11-13T12:30:00","guid":{"rendered":"http:\/\/www.almargenweb.com.ar\/web\/?p=30555"},"modified":"2020-11-12T19:17:27","modified_gmt":"2020-11-12T22:17:27","slug":"la-comuna-de-san-carlos-sud-presento-el-proyecto-voluntarios-para-la-accion-climatica","status":"publish","type":"post","link":"https:\/\/www.almargenweb.com.ar\/web\/la-comuna-de-san-carlos-sud-presento-el-proyecto-voluntarios-para-la-accion-climatica\/","title":{"rendered":"La comuna de San Carlos Sud present\u00f2 el proyecto &#8220;Voluntarios para la acci\u00f3n clim\u00e1tica&#8221;"},"content":{"rendered":"\n<p>A trav\u00e9s de un comunicado de la comuna de San Carlos Sud, se invita a todos los vecino de la comunidad, a sumarse a una nueva propuesta por la Red Argentina de Municipiuos Frente al Cambio Clim\u00e1tico (RAMCC), una coalici\u00f3n de 218 municipios argentinos que coordina e impulsa planes estrat\u00e9gicos para hacer frente al cambio clim\u00e1tico.<\/p>\n\n\n\n<p>Y es a traves del RAMC que se crea esta red donde mas de 60 municipios de todo el pais se propusieron sumar voluntades con el fin de impulsar actividades que ayuden a crear mayor conciencia ciudadana. <\/p>\n\n\n\n<p>El prop\u00f2sito es que cada municipio logre disminuir  las emisiones de gases de efecto invernadero y aumentar su tolerancia a los efectos del cambio clim\u00e1tico.<\/p>\n\n\n\n<figure class=\"wp-block-image size-large is-resized\"><img loading=\"lazy\" decoding=\"async\" src=\"https:\/\/www.almargenweb.com.ar\/web\/wp-content\/uploads\/2020\/11\/cmabio-climatico-coronel-dominguez.jpg\" alt=\"\" class=\"wp-image-30558\" width=\"535\" height=\"263\" srcset=\"https:\/\/www.almargenweb.com.ar\/web\/wp-content\/uploads\/2020\/11\/cmabio-climatico-coronel-dominguez.jpg 712w, https:\/\/www.almargenweb.com.ar\/web\/wp-content\/uploads\/2020\/11\/cmabio-climatico-coronel-dominguez-300x147.jpg 300w\" sizes=\"auto, (max-width: 535px) 100vw, 535px\" \/><figcaption>Movida verde; &#8220;la idea es que cada vecino que realice practica ambientales, se una y transmita su experiencia&#8221; dijeron desde el ente comunal.<\/figcaption><\/figure>\n\n\n\n<p>Desde la comuna de San Cralos Sud , a traves del area de gestion ambiental, se encuentran abocados a la busqueda local, bajo el lema &#8220;Queremos encontrar voluntarios para la Accion Climatica&#8221; <\/p>\n\n\n\n<p>Lo explican as\u00ed, &#8220;La idea es que todo vecino que realice acciones voluntarias frente al cambio clim\u00e1tico (huertas, compostaje, energ\u00edas renovables, plantaci\u00f3n de \u00e0rboles) sea integrante de esta movida verde y comparta su experiencia.<\/p>\n<!-- AddThis Advanced Settings generic via filter on the_content --><!-- AddThis Share Buttons generic via filter on the_content -->","protected":false},"excerpt":{"rendered":"<p>A trav\u00e9s de un comunicado de la comuna de San Carlos Sud, se invita a todos [&hellip;]<!-- AddThis Advanced Settings generic via filter on get_the_excerpt --><!-- AddThis Share Buttons generic via filter on get_the_excerpt --><\/p>\n","protected":false},"author":16,"featured_media":30557,"comment_status":"open","ping_status":"open","sticky":false,"template":"","format":"standard","meta":{"_seopress_robots_primary_cat":"none","_seopress_titles_title":"","_seopress_titles_desc":"","_seopress_robots_index":"","_themeisle_gutenberg_block_has_review":false,"footnotes":""},"categories":[164,3,21],"tags":[],"class_list":["post-30555","post","type-post","status-publish","format-standard","has-post-thumbnail","hentry","category-ambiente","category-cultura","category-las-colonias"],"_links":{"self":[{"href":"https:\/\/www.almargenweb.com.ar\/web\/wp-json\/wp\/v2\/posts\/30555","targetHints":{"allow":["GET"]}}],"collection":[{"href":"https:\/\/www.almargenweb.com.ar\/web\/wp-json\/wp\/v2\/posts"}],"about":[{"href":"https:\/\/www.almargenweb.com.ar\/web\/wp-json\/wp\/v2\/types\/post"}],"author":[{"embeddable":true,"href":"https:\/\/www.almargenweb.com.ar\/web\/wp-json\/wp\/v2\/users\/16"}],"replies":[{"embeddable":true,"href":"https:\/\/www.almargenweb.com.ar\/web\/wp-json\/wp\/v2\/comments?post=30555"}],"version-history":[{"count":1,"href":"https:\/\/www.almargenweb.com.ar\/web\/wp-json\/wp\/v2\/posts\/30555\/revisions"}],"predecessor-version":[{"id":30559,"href":"https:\/\/www.almargenweb.com.ar\/web\/wp-json\/wp\/v2\/posts\/30555\/revisions\/30559"}],"wp:featuredmedia":[{"embeddable":true,"href":"https:\/\/www.almargenweb.com.ar\/web\/wp-json\/wp\/v2\/media\/30557"}],"wp:attachment":[{"href":"https:\/\/www.almargenweb.com.ar\/web\/wp-json\/wp\/v2\/media?parent=30555"}],"wp:term":[{"taxonomy":"category","embeddable":true,"href":"https:\/\/www.almargenweb.com.ar\/web\/wp-json\/wp\/v2\/categories?post=30555"},{"taxonomy":"post_tag","embeddable":true,"href":"https:\/\/www.almargenweb.com.ar\/web\/wp-json\/wp\/v2\/tags?post=30555"}],"curies":[{"name":"wp","href":"https:\/\/api.w.org\/{rel}","templated":true}]}}