{"id":30531,"date":"2020-11-12T18:03:12","date_gmt":"2020-11-12T21:03:12","guid":{"rendered":"http:\/\/www.almargenweb.com.ar\/web\/?p=30531"},"modified":"2020-11-12T18:03:14","modified_gmt":"2020-11-12T21:03:14","slug":"perotti-en-crisis-renuncio-esteban-borgonovo-como-ministro-de-gobierno-de-santa-fe","status":"publish","type":"post","link":"https:\/\/www.almargenweb.com.ar\/web\/perotti-en-crisis-renuncio-esteban-borgonovo-como-ministro-de-gobierno-de-santa-fe\/","title":{"rendered":"Perotti en crisis; renunci\u00f3 Esteban Borgonovo como Ministro de Gobierno de Santa Fe."},"content":{"rendered":"\n<p> &#8220;No me siento c\u00f3modo en un ministro como la cartera pol\u00edtica si no estoy reflejando la idea o los pareceres de esta etapa del gobernador&#8221;, dijo el ahora el ex Ministro de Gobierno, Borgonovo. <\/p>\n\n\n\n<p>Tambi\u00e9n trascendi\u00f3 que adem\u00e1s de Borgonovo, tambi\u00e9n present\u00f3 renuncia Arturo Gandolla al cargo de secretario de Gobierno, es decir el n\u00famero dos del Ministerio.<\/p>\n\n\n\n<p>Tras la salida de Esteban Borgonovo se espera que en los pr\u00f3ximos d\u00edas o m\u00e1s cerca de fin de a\u00f1o se produzcan m\u00e1s movimientos en la mesa de colaboradores del gobernador.<\/p>\n\n\n\n<figure class=\"wp-block-image size-large is-resized\"><img loading=\"lazy\" decoding=\"async\" src=\"https:\/\/www.almargenweb.com.ar\/web\/wp-content\/uploads\/2020\/11\/esteban-borgonovo-1024x590.jpg\" alt=\"\" class=\"wp-image-30534\" width=\"331\" height=\"191\" srcset=\"https:\/\/www.almargenweb.com.ar\/web\/wp-content\/uploads\/2020\/11\/esteban-borgonovo-1024x590.jpg 1024w, https:\/\/www.almargenweb.com.ar\/web\/wp-content\/uploads\/2020\/11\/esteban-borgonovo-300x173.jpg 300w, https:\/\/www.almargenweb.com.ar\/web\/wp-content\/uploads\/2020\/11\/esteban-borgonovo-768x442.jpg 768w, https:\/\/www.almargenweb.com.ar\/web\/wp-content\/uploads\/2020\/11\/esteban-borgonovo.jpg 1200w\" sizes=\"auto, (max-width: 331px) 100vw, 331px\" \/><figcaption>Al micr\u00f3fono; &#8220;No me siento c\u00f3modo en un ministro como la cartera pol\u00edtica si no estoy reflejando los pareceres de esta etapa del gobernador&#8221;,<\/figcaption><\/figure>\n<!-- AddThis Advanced Settings generic via filter on the_content --><!-- AddThis Share Buttons generic via filter on the_content -->","protected":false},"excerpt":{"rendered":"<p>&#8220;No me siento c\u00f3modo en un ministro como la cartera pol\u00edtica si no estoy reflejando la [&hellip;]<!-- AddThis Advanced Settings generic via filter on get_the_excerpt --><!-- AddThis Share Buttons generic via filter on get_the_excerpt --><\/p>\n","protected":false},"author":16,"featured_media":30533,"comment_status":"open","ping_status":"open","sticky":false,"template":"","format":"standard","meta":{"_seopress_robots_primary_cat":"none","_seopress_titles_title":"","_seopress_titles_desc":"","_seopress_robots_index":"","_themeisle_gutenberg_block_has_review":false,"footnotes":""},"categories":[1],"tags":[],"class_list":["post-30531","post","type-post","status-publish","format-standard","has-post-thumbnail","hentry","category-sin-categoria"],"_links":{"self":[{"href":"https:\/\/www.almargenweb.com.ar\/web\/wp-json\/wp\/v2\/posts\/30531","targetHints":{"allow":["GET"]}}],"collection":[{"href":"https:\/\/www.almargenweb.com.ar\/web\/wp-json\/wp\/v2\/posts"}],"about":[{"href":"https:\/\/www.almargenweb.com.ar\/web\/wp-json\/wp\/v2\/types\/post"}],"author":[{"embeddable":true,"href":"https:\/\/www.almargenweb.com.ar\/web\/wp-json\/wp\/v2\/users\/16"}],"replies":[{"embeddable":true,"href":"https:\/\/www.almargenweb.com.ar\/web\/wp-json\/wp\/v2\/comments?post=30531"}],"version-history":[{"count":1,"href":"https:\/\/www.almargenweb.com.ar\/web\/wp-json\/wp\/v2\/posts\/30531\/revisions"}],"predecessor-version":[{"id":30535,"href":"https:\/\/www.almargenweb.com.ar\/web\/wp-json\/wp\/v2\/posts\/30531\/revisions\/30535"}],"wp:featuredmedia":[{"embeddable":true,"href":"https:\/\/www.almargenweb.com.ar\/web\/wp-json\/wp\/v2\/media\/30533"}],"wp:attachment":[{"href":"https:\/\/www.almargenweb.com.ar\/web\/wp-json\/wp\/v2\/media?parent=30531"}],"wp:term":[{"taxonomy":"category","embeddable":true,"href":"https:\/\/www.almargenweb.com.ar\/web\/wp-json\/wp\/v2\/categories?post=30531"},{"taxonomy":"post_tag","embeddable":true,"href":"https:\/\/www.almargenweb.com.ar\/web\/wp-json\/wp\/v2\/tags?post=30531"}],"curies":[{"name":"wp","href":"https:\/\/api.w.org\/{rel}","templated":true}]}}