{"id":30515,"date":"2020-11-11T10:00:54","date_gmt":"2020-11-11T13:00:54","guid":{"rendered":"http:\/\/www.almargenweb.com.ar\/web\/?p=30515"},"modified":"2020-11-11T09:23:04","modified_gmt":"2020-11-11T12:23:04","slug":"la-comuna-de-franck-adhiere-a-la-ong-semana-del-arbol","status":"publish","type":"post","link":"https:\/\/www.almargenweb.com.ar\/web\/la-comuna-de-franck-adhiere-a-la-ong-semana-del-arbol\/","title":{"rendered":"La comuna de Franck adhiere a la ONG &#8220;Semana del \u00c1rbol&#8221;"},"content":{"rendered":"\n<p>La Semana del \u00c1rbol, es una campa\u00f1a de plantaci\u00f3n, adopci\u00f3n y donaci\u00f3n de \u00e1rboles nativos impulsada desde 2012, que busca redefinir y restablecer el v\u00ednculo con la naturaleza a trav\u00e9s del acto pr\u00e1ctico, simb\u00f3lico y fundamental de plantar un \u00e1rbol.<\/p>\n\n\n\n<p>Esta ONG, crea redes para fortalece relaciones ambientales entre instituciones educativas, empresas, municipios, juntas vecinales y diferentes organizaciones p\u00fablicas que tienen por objetivo crear una nueva sociedad \u00e9tica y ambientalmente sostenible.<\/p>\n\n\n\n<p>Enrico, sostuvo que \u201c\u00e9ste es un paso m\u00e1s en materia de pol\u00edticas medio ambientales que se implementan desde F.I.M.A \u201cFranck Incorpora Mejoras Ambientales\u201d, las cuales se destacan en la regi\u00f3n por los logros obtenidos mediante un trabajo mancomunado con todos los vecinos de Franck y que abarcan la separaci\u00f3n en origen de residuos, la clasificaci\u00f3n y reciclado de los mismos, el relleno sanitario habilitado por la provincia para la disposici\u00f3n de residuos industriales no peligrosos, y el vivero comunal, recuperado durante la actual gesti\u00f3n comunal para la generaci\u00f3n de plantines y distintas especier arb\u00f3reas\u201d. <\/p>\n\n\n\n<figure class=\"wp-block-image size-large is-resized\"><img loading=\"lazy\" decoding=\"async\" src=\"https:\/\/www.almargenweb.com.ar\/web\/wp-content\/uploads\/2020\/11\/arbol-1.jpg\" alt=\"\" class=\"wp-image-30519\" width=\"596\" height=\"397\" srcset=\"https:\/\/www.almargenweb.com.ar\/web\/wp-content\/uploads\/2020\/11\/arbol-1.jpg 750w, https:\/\/www.almargenweb.com.ar\/web\/wp-content\/uploads\/2020\/11\/arbol-1-300x200.jpg 300w\" sizes=\"auto, (max-width: 596px) 100vw, 596px\" \/><figcaption>\u00c1rbol de la vida; es una campa\u00f1a que busca redefinir y restablecer el v\u00ednculo con la naturaleza. <\/figcaption><\/figure>\n\n\n\n<p>Cabe destacar que, desde el a\u00f1o 2018, se retomaron las visitas guiadas al vivero comunal &#8220;Los Ceibos&#8221;, para que alumnos de establecimientos educativos locales se interioricen sobre las tareas que all\u00ed se realizan y se promueva un cambio cultural para que las nuevas generaciones convivan y desarrollen pr\u00e1cticas amigables con nuestro medio ambiente.<\/p>\n\n\n\n<p>Objetivos de este convenio:<\/p>\n\n\n\n<ul class=\"wp-block-list\"><li>Impulsar y promover acciones de forestaci\u00f3n en entornos urbanos y periurbanos, priorizando las especies nativas.<\/li><li>Promover la producci\u00f3n local de especies nativas a partir de viveros municipales, en la medida de sus posibilidades.<\/li><li>Promover la creaci\u00f3n de la red de sembradores a nivel local en consonancia con la impulsada por la \u201cSemana del Arbol\u201d, con el objetivo de fortalecer el intercambio de experiencias y conocimientos, as\u00ed como de semillas, plantines y \u00e1rboles nativos, entre instituciones, ciudadanos, profesionales y referentes t\u00e9cnicos.<\/li><li>Convocar a las instituciones y organizaciones locales tales como escuelas, clubes de barrio, polideportivos, viveros y empresas a que se involucren en las acciones de forestaci\u00f3n y reforestaci\u00f3n locales;<\/li><li>Organizar campa\u00f1as y jornadas de plantacio\u0301n abiertas y articular el plan anual de forestaci\u00f3n con los objetivos y comunicaci\u00f3n de la campa\u00f1a \u201c1 mill\u00f3n de \u00c1rboles\u201d.<\/li><\/ul>\n<!-- AddThis Advanced Settings generic via filter on the_content --><!-- AddThis Share Buttons generic via filter on the_content -->","protected":false},"excerpt":{"rendered":"<p>La Semana del \u00c1rbol, es una campa\u00f1a de plantaci\u00f3n, adopci\u00f3n y donaci\u00f3n de \u00e1rboles nativos impulsada [&hellip;]<!-- AddThis Advanced Settings generic via filter on get_the_excerpt --><!-- AddThis Share Buttons generic via filter on get_the_excerpt --><\/p>\n","protected":false},"author":16,"featured_media":30517,"comment_status":"open","ping_status":"open","sticky":false,"template":"","format":"standard","meta":{"_seopress_robots_primary_cat":"none","_seopress_titles_title":"","_seopress_titles_desc":"","_seopress_robots_index":"","_themeisle_gutenberg_block_has_review":false,"footnotes":""},"categories":[2,164,21,9],"tags":[],"class_list":["post-30515","post","type-post","status-publish","format-standard","has-post-thumbnail","hentry","category-actualidad","category-ambiente","category-las-colonias","category-politica"],"_links":{"self":[{"href":"https:\/\/www.almargenweb.com.ar\/web\/wp-json\/wp\/v2\/posts\/30515","targetHints":{"allow":["GET"]}}],"collection":[{"href":"https:\/\/www.almargenweb.com.ar\/web\/wp-json\/wp\/v2\/posts"}],"about":[{"href":"https:\/\/www.almargenweb.com.ar\/web\/wp-json\/wp\/v2\/types\/post"}],"author":[{"embeddable":true,"href":"https:\/\/www.almargenweb.com.ar\/web\/wp-json\/wp\/v2\/users\/16"}],"replies":[{"embeddable":true,"href":"https:\/\/www.almargenweb.com.ar\/web\/wp-json\/wp\/v2\/comments?post=30515"}],"version-history":[{"count":1,"href":"https:\/\/www.almargenweb.com.ar\/web\/wp-json\/wp\/v2\/posts\/30515\/revisions"}],"predecessor-version":[{"id":30520,"href":"https:\/\/www.almargenweb.com.ar\/web\/wp-json\/wp\/v2\/posts\/30515\/revisions\/30520"}],"wp:featuredmedia":[{"embeddable":true,"href":"https:\/\/www.almargenweb.com.ar\/web\/wp-json\/wp\/v2\/media\/30517"}],"wp:attachment":[{"href":"https:\/\/www.almargenweb.com.ar\/web\/wp-json\/wp\/v2\/media?parent=30515"}],"wp:term":[{"taxonomy":"category","embeddable":true,"href":"https:\/\/www.almargenweb.com.ar\/web\/wp-json\/wp\/v2\/categories?post=30515"},{"taxonomy":"post_tag","embeddable":true,"href":"https:\/\/www.almargenweb.com.ar\/web\/wp-json\/wp\/v2\/tags?post=30515"}],"curies":[{"name":"wp","href":"https:\/\/api.w.org\/{rel}","templated":true}]}}