{"id":30498,"date":"2020-11-11T08:00:00","date_gmt":"2020-11-11T11:00:00","guid":{"rendered":"http:\/\/www.almargenweb.com.ar\/web\/?p=30498"},"modified":"2020-11-11T07:55:00","modified_gmt":"2020-11-11T10:55:00","slug":"el-estado-debe-impulsar-cambios-que-posibiliten-el-desarrollo-sustentable-en-materia-de-residuos","status":"publish","type":"post","link":"https:\/\/www.almargenweb.com.ar\/web\/el-estado-debe-impulsar-cambios-que-posibiliten-el-desarrollo-sustentable-en-materia-de-residuos\/","title":{"rendered":"\u201cEl Estado debe impulsar cambios que posibiliten el desarrollo sustentable en materia de residuos\u201d"},"content":{"rendered":"\n<p>El radicalismo esperancino, a trav\u00e9s del concejal Rodrigo M\u00fcller, present\u00f3 un proyecto para regular, en el \u00e1mbito municipal, la generaci\u00f3n, manipulaci\u00f3n, operaci\u00f3n, transporte, tratamiento y disposici\u00f3n final de las distintas categor\u00edas de residuos.<\/p>\n\n\n\n<p>El Comit\u00e9 de la UCR \u201cAldo Tessio\u201d se refiri\u00f3 al proyecto de ordenanza presentado por el concejal radical, Rodrigo M\u00fcller, que tiene como objetivo regular, en el \u00e1mbito del Municipio de la ciudad de Esperanza, la generaci\u00f3n, manipulaci\u00f3n, operaci\u00f3n, transporte, tratamiento y disposici\u00f3n final de las distintas categor\u00edas de residuos, desechos o desperdicios.<\/p>\n\n\n\n<p>A trav\u00e9s de esta iniciativa se busca que Esperanza cumpla con la meta de \u201cCero Generaci\u00f3n de Residuos\u201d, por medio del uso racional y sustentable de todos los recursos. Para lograr este objetivo, el Estado municipal debe impulsar pol\u00edticas de educaci\u00f3n ambiental que permitan suscitar cambios en los valores y conductas sociales que posibiliten un desarrollo sustentable.<\/p>\n\n\n\n<p>La creaci\u00f3n del Limpes, el 21 de octubre de 1997, fue el primer paso para lograr una ciudad amigable con el medio ambiente. Hoy vemos con mucha preocupaci\u00f3n que la planta de tratamientos no est\u00e9 a la altura de lo que la ciudad demanda, por eso que necesitamos un marco regulatorio que permita impulsar los cambios necesarios para volver a posicionar a Esperanza como una localidad pionera en materia de gesti\u00f3n de residuos.<\/p>\n\n\n\n<p>Oposici\u00f3n Propositiva<\/p>\n\n\n\n<p>La UCR tiene muy claro que el objetivo de la pol\u00edtica es lograr el mayor bienestar para la poblaci\u00f3n y en pos de ello ejercemos con mucha responsabilidad nuestro rol de oposici\u00f3n. Sabemos que un proyecto de gesti\u00f3n de residuos no admite demoras aunque eso no significa que se deban sancionar decretos incompletos, que no resuelvan las cuestiones de fondos o con aspectos sin regular que den espacio a controversias.<\/p>\n\n\n\n<p>Desde nuestro espacio pol\u00edtico estamos convencidos que los problemas se resuelven con pol\u00edticas p\u00fablicas con visi\u00f3n de futuro y sustentables en el tiempo por lo que actuamos en concordancia a ello.<\/p>\n\n\n\n<p>Celebramos que el bloque oficialista tenga en agenda la gesti\u00f3n de residuos pero no podemos dejar de soslayar los d\u00e9ficit del proyecto presentado y nos preguntamos: \u00bfqu\u00e9 se va a hacer con los desechos electr\u00f3nicos? y \u00bfcon las pilas y bater\u00edas reutilizables? o \u00bflos residuos de aceites vegetales? \u00bfpor qu\u00e9 no est\u00e1 expl\u00edcito si se permite o no el ingreso de basura a la ciudad?.<\/p>\n\n\n\n<p>Consideramos que son cuestiones fundamentales para incluir en un proyecto de esta envergadura y es por eso que se contemplaron en la iniciativa presentada por Rodrigo M\u00fcller, entre otros m\u00e1s de 14 puntos entre los que se diferencian (VER CUADRO).<\/p>\n\n\n\n<p>Educaci\u00f3n Ambiental<\/p>\n\n\n\n<p>Finalmente, no entendemos por qu\u00e9 el proyecto del PJ no tiene en cuenta a la educaci\u00f3n ambiental en el armado de un proyecto de gesti\u00f3n de residuos para la ciudad. Se trata de una cuesti\u00f3n importante y prioritaria ya que los ni\u00f1os y ni\u00f1as de hoy ser\u00e1n los responsables de cuidar el medio ambiente en el futuro. Nuestro proyecto incluye la obligaci\u00f3n de realizar campa\u00f1as de difusi\u00f3n a los fines de realizar una disminuci\u00f3n de los residuos inorg\u00e1nicos y tambi\u00e9n promover la producci\u00f3n de compost. La educaci\u00f3n es la base de las pol\u00edticas a largo plazo.<\/p>\n\n\n\n<p>Bienestar para los ciudadanos<\/p>\n\n\n\n<p>El buen ejercicio de la democracia, con di\u00e1logo, consensos y generosidad es el camino para lograr una ciudad mejor y un bienestar para los ciudadanos de Esperanza. El bloque de la Uni\u00f3n C\u00edvica Radical no pone palos en la rueda sino que trabaja todos los d\u00edas para brindarle soluciones a los esperancinos y eso queda en evidencia ya que somos el \u00fanico bloque que presenta proyectos y propuestas alternativas al ejecutivo municipal.<\/p>\n<!-- AddThis Advanced Settings generic via filter on the_content --><!-- AddThis Share Buttons generic via filter on the_content -->","protected":false},"excerpt":{"rendered":"<p>El radicalismo esperancino, a trav\u00e9s del concejal Rodrigo M\u00fcller, present\u00f3 un proyecto para regular, en el [&hellip;]<!-- AddThis Advanced Settings generic via filter on get_the_excerpt --><!-- AddThis Share Buttons generic via filter on get_the_excerpt --><\/p>\n","protected":false},"author":16,"featured_media":30500,"comment_status":"open","ping_status":"open","sticky":false,"template":"","format":"standard","meta":{"_seopress_robots_primary_cat":"none","_seopress_titles_title":"","_seopress_titles_desc":"","_seopress_robots_index":"","_themeisle_gutenberg_block_has_review":false,"footnotes":""},"categories":[2,164,47,9],"tags":[],"class_list":["post-30498","post","type-post","status-publish","format-standard","has-post-thumbnail","hentry","category-actualidad","category-ambiente","category-locales","category-politica"],"_links":{"self":[{"href":"https:\/\/www.almargenweb.com.ar\/web\/wp-json\/wp\/v2\/posts\/30498","targetHints":{"allow":["GET"]}}],"collection":[{"href":"https:\/\/www.almargenweb.com.ar\/web\/wp-json\/wp\/v2\/posts"}],"about":[{"href":"https:\/\/www.almargenweb.com.ar\/web\/wp-json\/wp\/v2\/types\/post"}],"author":[{"embeddable":true,"href":"https:\/\/www.almargenweb.com.ar\/web\/wp-json\/wp\/v2\/users\/16"}],"replies":[{"embeddable":true,"href":"https:\/\/www.almargenweb.com.ar\/web\/wp-json\/wp\/v2\/comments?post=30498"}],"version-history":[{"count":1,"href":"https:\/\/www.almargenweb.com.ar\/web\/wp-json\/wp\/v2\/posts\/30498\/revisions"}],"predecessor-version":[{"id":30501,"href":"https:\/\/www.almargenweb.com.ar\/web\/wp-json\/wp\/v2\/posts\/30498\/revisions\/30501"}],"wp:featuredmedia":[{"embeddable":true,"href":"https:\/\/www.almargenweb.com.ar\/web\/wp-json\/wp\/v2\/media\/30500"}],"wp:attachment":[{"href":"https:\/\/www.almargenweb.com.ar\/web\/wp-json\/wp\/v2\/media?parent=30498"}],"wp:term":[{"taxonomy":"category","embeddable":true,"href":"https:\/\/www.almargenweb.com.ar\/web\/wp-json\/wp\/v2\/categories?post=30498"},{"taxonomy":"post_tag","embeddable":true,"href":"https:\/\/www.almargenweb.com.ar\/web\/wp-json\/wp\/v2\/tags?post=30498"}],"curies":[{"name":"wp","href":"https:\/\/api.w.org\/{rel}","templated":true}]}}