{"id":30444,"date":"2020-11-10T08:52:14","date_gmt":"2020-11-10T11:52:14","guid":{"rendered":"http:\/\/www.almargenweb.com.ar\/web\/?p=30444"},"modified":"2020-11-10T08:52:15","modified_gmt":"2020-11-10T11:52:15","slug":"en-grutly-firman-certificado-de-obra-para-la-construccion-de-viviendas","status":"publish","type":"post","link":"https:\/\/www.almargenweb.com.ar\/web\/en-grutly-firman-certificado-de-obra-para-la-construccion-de-viviendas\/","title":{"rendered":"En Grutly firman certificado de obra para la construcci\u00f3n de viviendas."},"content":{"rendered":"\n<p>El presidente comunal de Grutly, el Se\u00f1or Victor Beltramino, junto a la inspectora de la Direccion Provincial de Vivienda y Urbanismo, la arquitecta Fanny Camillozzi, firmaron los certificados de obra para avanzar con un nuevo desembolso de aportes.<\/p>\n\n\n\n<p>Este importante hecho garantiza un nuevo aporte provincial que permite seguir avanzando en la construcci\u00f3n de las cinco viviendas, pertenecientes al Programa Demanda Global.<\/p>\n\n\n\n<figure class=\"wp-block-image size-large\"><img loading=\"lazy\" decoding=\"async\" width=\"948\" height=\"632\" src=\"https:\/\/www.almargenweb.com.ar\/web\/wp-content\/uploads\/2020\/11\/b_1592755003.jpg\" alt=\"\" class=\"wp-image-30447\" srcset=\"https:\/\/www.almargenweb.com.ar\/web\/wp-content\/uploads\/2020\/11\/b_1592755003.jpg 948w, https:\/\/www.almargenweb.com.ar\/web\/wp-content\/uploads\/2020\/11\/b_1592755003-300x200.jpg 300w, https:\/\/www.almargenweb.com.ar\/web\/wp-content\/uploads\/2020\/11\/b_1592755003-768x512.jpg 768w\" sizes=\"auto, (max-width: 948px) 100vw, 948px\" \/><figcaption>Desde los cimientos; las viviendas pertenecen al Programa Demanda Global y esta firma asegura un nuevo aporte econ\u00f3mico que permitir\u00e1 seguir con la edificaci\u00f3n. <\/figcaption><\/figure>\n\n\n\n<p>Por otro lado, desde el ente comunal confirmaron que siguen los trabajos de mantenimiento y mejoras de dragado en caminos rurales, en el sector norte de la colonia.<\/p>\n\n\n\n<p>Estas obras permitir\u00e1n una notable mejor\u00eda en el drenado del agua en d\u00edas de lluvia.<\/p>\n<!-- AddThis Advanced Settings generic via filter on the_content --><!-- AddThis Share Buttons generic via filter on the_content -->","protected":false},"excerpt":{"rendered":"<p>El presidente comunal de Grutly, el Se\u00f1or Victor Beltramino, junto a la inspectora de la Direccion [&hellip;]<!-- AddThis Advanced Settings generic via filter on get_the_excerpt --><!-- AddThis Share Buttons generic via filter on get_the_excerpt --><\/p>\n","protected":false},"author":16,"featured_media":30446,"comment_status":"open","ping_status":"open","sticky":false,"template":"","format":"standard","meta":{"_seopress_robots_primary_cat":"none","_seopress_titles_title":"","_seopress_titles_desc":"","_seopress_robots_index":"","_themeisle_gutenberg_block_has_review":false,"footnotes":""},"categories":[20,24,9,29],"tags":[],"class_list":["post-30444","post","type-post","status-publish","format-standard","has-post-thumbnail","hentry","category-departamentales","category-obras-publicas","category-politica","category-regionales"],"_links":{"self":[{"href":"https:\/\/www.almargenweb.com.ar\/web\/wp-json\/wp\/v2\/posts\/30444","targetHints":{"allow":["GET"]}}],"collection":[{"href":"https:\/\/www.almargenweb.com.ar\/web\/wp-json\/wp\/v2\/posts"}],"about":[{"href":"https:\/\/www.almargenweb.com.ar\/web\/wp-json\/wp\/v2\/types\/post"}],"author":[{"embeddable":true,"href":"https:\/\/www.almargenweb.com.ar\/web\/wp-json\/wp\/v2\/users\/16"}],"replies":[{"embeddable":true,"href":"https:\/\/www.almargenweb.com.ar\/web\/wp-json\/wp\/v2\/comments?post=30444"}],"version-history":[{"count":1,"href":"https:\/\/www.almargenweb.com.ar\/web\/wp-json\/wp\/v2\/posts\/30444\/revisions"}],"predecessor-version":[{"id":30448,"href":"https:\/\/www.almargenweb.com.ar\/web\/wp-json\/wp\/v2\/posts\/30444\/revisions\/30448"}],"wp:featuredmedia":[{"embeddable":true,"href":"https:\/\/www.almargenweb.com.ar\/web\/wp-json\/wp\/v2\/media\/30446"}],"wp:attachment":[{"href":"https:\/\/www.almargenweb.com.ar\/web\/wp-json\/wp\/v2\/media?parent=30444"}],"wp:term":[{"taxonomy":"category","embeddable":true,"href":"https:\/\/www.almargenweb.com.ar\/web\/wp-json\/wp\/v2\/categories?post=30444"},{"taxonomy":"post_tag","embeddable":true,"href":"https:\/\/www.almargenweb.com.ar\/web\/wp-json\/wp\/v2\/tags?post=30444"}],"curies":[{"name":"wp","href":"https:\/\/api.w.org\/{rel}","templated":true}]}}