{"id":30421,"date":"2020-11-09T09:00:41","date_gmt":"2020-11-09T12:00:41","guid":{"rendered":"http:\/\/www.almargenweb.com.ar\/web\/?p=30421"},"modified":"2020-11-09T08:54:25","modified_gmt":"2020-11-09T11:54:25","slug":"media-sancion-al-proyecto-de-jimena-senn-para-facilitar-el-acceso-a-los-productos-para-celiacos","status":"publish","type":"post","link":"https:\/\/www.almargenweb.com.ar\/web\/media-sancion-al-proyecto-de-jimena-senn-para-facilitar-el-acceso-a-los-productos-para-celiacos\/","title":{"rendered":"Media sanci\u00f3n al proyecto de Jimena Senn para facilitar el acceso a los productos para cel\u00edacos."},"content":{"rendered":"\n<p>Present\u00f3 un proyecto de regulaci\u00f3n de los precios que fue aprobado por la C\u00e1mara de Diputados. \u201cLos programas vigentes no brindan la contenci\u00f3n necesaria para las personas con celiaqu\u00eda, o patolog\u00edas de similares\u201d, expres\u00f3 Senn.<\/p>\n\n\n\n<p>El proyecto de creaci\u00f3n del Programa Provincial de Regulaci\u00f3n de Precios para Cel\u00edacos, impulsado por la diputada Jimena Senn, obtuvo media sanci\u00f3n por parte de la C\u00e1mara de Diputados. La iniciativa tiene por objetivo garantizar precios moderados en la oferta de productos alimenticios libres de gluten (SIN TACC) para facilitar el acceso a las personas con celiaqu\u00eda, o patolog\u00edas de similares caracter\u00edsticas.<\/p>\n\n\n\n<p>En su alocuci\u00f3n, Senn expres\u00f3: \u201cSe estima que estas patolog\u00edas en su conjunto pueden afectar desde un 10 a un 15 por ciento de la poblaci\u00f3n y, si hacemos una simple recorrida por las g\u00f3ndolas de las cadenas de supermercado que hay en nuestra provincia, podemos ver como los programas de Precios Cuidados vigentes no brindan la contenci\u00f3n necesaria para las personas con celiaqu\u00eda, o patolog\u00edas de similares caracter\u00edsticas\u201d.<\/p>\n\n\n\n<p>\u201cEsto genera una desigualdad de oportunidades y una gran dificultad para tener una correcta y adecuada nutrici\u00f3n, por eso es importante la implementaci\u00f3n de programas locales que permitan acceder a una alimentaci\u00f3n b\u00e1sica, brindando herramientas que faciliten el acceso a tales productos a las familias santafesinas\u201d.<\/p>\n\n\n\n<p>Cabe destacar que el proyecto de Ley hoy tiene sanci\u00f3n en la C\u00e1mara de Diputados, y ahora pas\u00f3 a la C\u00e1mara de Senadores para tener su tratamiento y, de obtener la aprobaci\u00f3n de sus pares, el proyecto se convertir\u00eda en Ley.<\/p>\n<!-- AddThis Advanced Settings generic via filter on the_content --><!-- AddThis Share Buttons generic via filter on the_content -->","protected":false},"excerpt":{"rendered":"<p>Present\u00f3 un proyecto de regulaci\u00f3n de los precios que fue aprobado por la C\u00e1mara de Diputados. [&hellip;]<!-- AddThis Advanced Settings generic via filter on get_the_excerpt --><!-- AddThis Share Buttons generic via filter on get_the_excerpt --><\/p>\n","protected":false},"author":16,"featured_media":30422,"comment_status":"open","ping_status":"open","sticky":false,"template":"","format":"standard","meta":{"_seopress_robots_primary_cat":"","_seopress_titles_title":"","_seopress_titles_desc":"","_seopress_robots_index":"","_themeisle_gutenberg_block_has_review":false,"footnotes":""},"categories":[2,21,286,9,15],"tags":[],"class_list":["post-30421","post","type-post","status-publish","format-standard","has-post-thumbnail","hentry","category-actualidad","category-las-colonias","category-legislatura","category-politica","category-salud"],"_links":{"self":[{"href":"https:\/\/www.almargenweb.com.ar\/web\/wp-json\/wp\/v2\/posts\/30421","targetHints":{"allow":["GET"]}}],"collection":[{"href":"https:\/\/www.almargenweb.com.ar\/web\/wp-json\/wp\/v2\/posts"}],"about":[{"href":"https:\/\/www.almargenweb.com.ar\/web\/wp-json\/wp\/v2\/types\/post"}],"author":[{"embeddable":true,"href":"https:\/\/www.almargenweb.com.ar\/web\/wp-json\/wp\/v2\/users\/16"}],"replies":[{"embeddable":true,"href":"https:\/\/www.almargenweb.com.ar\/web\/wp-json\/wp\/v2\/comments?post=30421"}],"version-history":[{"count":1,"href":"https:\/\/www.almargenweb.com.ar\/web\/wp-json\/wp\/v2\/posts\/30421\/revisions"}],"predecessor-version":[{"id":30423,"href":"https:\/\/www.almargenweb.com.ar\/web\/wp-json\/wp\/v2\/posts\/30421\/revisions\/30423"}],"wp:featuredmedia":[{"embeddable":true,"href":"https:\/\/www.almargenweb.com.ar\/web\/wp-json\/wp\/v2\/media\/30422"}],"wp:attachment":[{"href":"https:\/\/www.almargenweb.com.ar\/web\/wp-json\/wp\/v2\/media?parent=30421"}],"wp:term":[{"taxonomy":"category","embeddable":true,"href":"https:\/\/www.almargenweb.com.ar\/web\/wp-json\/wp\/v2\/categories?post=30421"},{"taxonomy":"post_tag","embeddable":true,"href":"https:\/\/www.almargenweb.com.ar\/web\/wp-json\/wp\/v2\/tags?post=30421"}],"curies":[{"name":"wp","href":"https:\/\/api.w.org\/{rel}","templated":true}]}}