{"id":30415,"date":"2020-11-09T08:18:52","date_gmt":"2020-11-09T11:18:52","guid":{"rendered":"http:\/\/www.almargenweb.com.ar\/web\/?p=30415"},"modified":"2020-11-09T08:18:54","modified_gmt":"2020-11-09T11:18:54","slug":"esperanza-se-sumo-al-8n-en-contra-de-alberto-fernandez","status":"publish","type":"post","link":"https:\/\/www.almargenweb.com.ar\/web\/esperanza-se-sumo-al-8n-en-contra-de-alberto-fernandez\/","title":{"rendered":"Esperanza se sumo al 8N en contra de Alberto Fern\u00e1ndez."},"content":{"rendered":"\n<p>Manifestantes autodenominados \u201c8N\u201dse concentraron este domingo en distintos puntos del pa\u00eds en un nuevo \u201cbanderazo\u201d de protesta contra las pol\u00edticas de Alberto Fern\u00e1ndez. Se trata de la octava marcha desde que el jefe de Estado asumi\u00f3 el poder, en diciembre del a\u00f1o pasado.<\/p>\n\n\n\n<p>Adem\u00e1s del rechazo a las pol\u00edticas del Presidente, otra de las consignas fuertes de la convocatoria es el rechazo al fallo de la Corte Suprema sobre los jueces Leopoldo Bruglia y Pablo Bertuzzi y para pedir que los camaristas no abdiquen a sus cargos.<\/p>\n\n\n\n<p>Esperanza tuvo su epicentro de protesta en la Plaza San Mart\u00edn, con menos publico que en las oportunidades anteriores, las personas reunidas con banderas y pancartas, manifestaban con igual intensidad que en ediciones pasadas.<\/p>\n\n\n\n<figure class=\"wp-block-image size-large is-resized\"><img loading=\"lazy\" decoding=\"async\" src=\"https:\/\/www.almargenweb.com.ar\/web\/wp-content\/uploads\/2020\/11\/124180023_10157957913122809_6719406809908874694_n.jpg\" alt=\"\" class=\"wp-image-30419\" width=\"479\" height=\"638\" srcset=\"https:\/\/www.almargenweb.com.ar\/web\/wp-content\/uploads\/2020\/11\/124180023_10157957913122809_6719406809908874694_n.jpg 720w, https:\/\/www.almargenweb.com.ar\/web\/wp-content\/uploads\/2020\/11\/124180023_10157957913122809_6719406809908874694_n-225x300.jpg 225w\" sizes=\"auto, (max-width: 479px) 100vw, 479px\" \/><figcaption>Esperanza tuvo su epicentro de protesta en Plaza San Mart\u00edn, el octavo banderazo a Fern\u00e1ndez desde su asunci\u00f3n a la presidencia  en diciembre del a\u00f1o pasado.<\/figcaption><\/figure>\n\n\n\n<p>Luego de dos vueltas a la plaza, bocinas y cantar el Himno Nacional, los manifestantes opositores dieron fin a la concentraci\u00f3n de forma pacifica. Im\u00e1genes similares se vivieron en distintos puntos del pa\u00eds.<\/p>\n\n\n\n<p>En C\u00f3rdoba participa de la protesta la titular del PRO, Patricia Bullrich, quien dijo que se sent\u00eda &#8220;emocionada&#8221; por el apoyo de los seguidores. &#8220;La gente nos pide que no aflojemos, que se respete la justicia y el trabajo&#8221;, explic\u00f3. <\/p>\n\n\n\n<figure class=\"wp-block-image size-large\"><img loading=\"lazy\" decoding=\"async\" width=\"1024\" height=\"680\" src=\"https:\/\/www.almargenweb.com.ar\/web\/wp-content\/uploads\/2020\/11\/336408_bull.jpg\" alt=\"\" class=\"wp-image-30418\" srcset=\"https:\/\/www.almargenweb.com.ar\/web\/wp-content\/uploads\/2020\/11\/336408_bull.jpg 1024w, https:\/\/www.almargenweb.com.ar\/web\/wp-content\/uploads\/2020\/11\/336408_bull-300x199.jpg 300w, https:\/\/www.almargenweb.com.ar\/web\/wp-content\/uploads\/2020\/11\/336408_bull-768x510.jpg 768w\" sizes=\"auto, (max-width: 1024px) 100vw, 1024px\" \/><figcaption>Siempre Bullrich; la funcionario opositora estuvo presente en la marcha 8N de la capital cordobesa.<\/figcaption><\/figure>\n<!-- AddThis Advanced Settings generic via filter on the_content --><!-- AddThis Share Buttons generic via filter on the_content -->","protected":false},"excerpt":{"rendered":"<p>Manifestantes autodenominados \u201c8N\u201dse concentraron este domingo en distintos puntos del pa\u00eds en un nuevo \u201cbanderazo\u201d de [&hellip;]<!-- AddThis Advanced Settings generic via filter on get_the_excerpt --><!-- AddThis Share Buttons generic via filter on get_the_excerpt --><\/p>\n","protected":false},"author":16,"featured_media":30417,"comment_status":"open","ping_status":"open","sticky":false,"template":"","format":"standard","meta":{"_seopress_robots_primary_cat":"","_seopress_titles_title":"","_seopress_titles_desc":"","_seopress_robots_index":"","_themeisle_gutenberg_block_has_review":false,"footnotes":""},"categories":[2,47,140,9],"tags":[],"class_list":["post-30415","post","type-post","status-publish","format-standard","has-post-thumbnail","hentry","category-actualidad","category-locales","category-nacionales","category-politica"],"_links":{"self":[{"href":"https:\/\/www.almargenweb.com.ar\/web\/wp-json\/wp\/v2\/posts\/30415","targetHints":{"allow":["GET"]}}],"collection":[{"href":"https:\/\/www.almargenweb.com.ar\/web\/wp-json\/wp\/v2\/posts"}],"about":[{"href":"https:\/\/www.almargenweb.com.ar\/web\/wp-json\/wp\/v2\/types\/post"}],"author":[{"embeddable":true,"href":"https:\/\/www.almargenweb.com.ar\/web\/wp-json\/wp\/v2\/users\/16"}],"replies":[{"embeddable":true,"href":"https:\/\/www.almargenweb.com.ar\/web\/wp-json\/wp\/v2\/comments?post=30415"}],"version-history":[{"count":1,"href":"https:\/\/www.almargenweb.com.ar\/web\/wp-json\/wp\/v2\/posts\/30415\/revisions"}],"predecessor-version":[{"id":30420,"href":"https:\/\/www.almargenweb.com.ar\/web\/wp-json\/wp\/v2\/posts\/30415\/revisions\/30420"}],"wp:featuredmedia":[{"embeddable":true,"href":"https:\/\/www.almargenweb.com.ar\/web\/wp-json\/wp\/v2\/media\/30417"}],"wp:attachment":[{"href":"https:\/\/www.almargenweb.com.ar\/web\/wp-json\/wp\/v2\/media?parent=30415"}],"wp:term":[{"taxonomy":"category","embeddable":true,"href":"https:\/\/www.almargenweb.com.ar\/web\/wp-json\/wp\/v2\/categories?post=30415"},{"taxonomy":"post_tag","embeddable":true,"href":"https:\/\/www.almargenweb.com.ar\/web\/wp-json\/wp\/v2\/tags?post=30415"}],"curies":[{"name":"wp","href":"https:\/\/api.w.org\/{rel}","templated":true}]}}