{"id":30402,"date":"2020-11-08T10:27:29","date_gmt":"2020-11-08T13:27:29","guid":{"rendered":"http:\/\/www.almargenweb.com.ar\/web\/?p=30402"},"modified":"2020-11-08T10:27:30","modified_gmt":"2020-11-08T13:27:30","slug":"covid-19-cambio-de-rubro-nuevos-clientes-y-mas-locales-vacios-el-ano-que-todo-cambio","status":"publish","type":"post","link":"https:\/\/www.almargenweb.com.ar\/web\/covid-19-cambio-de-rubro-nuevos-clientes-y-mas-locales-vacios-el-ano-que-todo-cambio\/","title":{"rendered":"Covid-19; cambio de rubro, nuevos clientes y m\u00e1s locales vac\u00edos. El a\u00f1o que todo cambi\u00f3."},"content":{"rendered":"\n<p>La vida est\u00e1 marcada por ciclos que anuncian el inicio de algo nuevo y el cierre de aquello que concluye. Se termina un a\u00f1o que sin dudas, quedara en el inconsciente colectivo de los argentinos, sobre todo en las retinas de aquellos que realmente conocieron el real significado de la palabra resiliencia, e hicieron de esa voz tripa coraz\u00f3n para poder seguir adelante.<\/p>\n\n\n\n<p>Cuando amanecimos ese viernes 20 de marzo, con el primer d\u00eda de Aislamiento Social, Preventivo y Obligatorio, nadie sospechaba lo que estar\u00eda por suceder.<\/p>\n\n\n\n<p>Luego de un mensaje presidencial duro e inflexible por cadena nacional, sobre el verdadero sentido de un \u201cconfinamiento absoluto\u201d nos dispusimos a ver series y comer. As\u00ed nos cuidar\u00edamos entre todos, ya que, seg\u00fan el propio Fernandez admiti\u00f3 \u201cestamos viviendo un momento traum\u00e1tico, pero si no hacemos algo la vida de muchos argentinos corre riesgo&#8221;.<\/p>\n\n\n\n<p>Esto significaba, literalmente enfriar la econom\u00eda nacional, dejarla en stand by. Tal vez como sucedi\u00f3 en distintos escenarios europeos, pero claro, las espaldas son distintas\u2026o no tanto.<\/p>\n\n\n\n<figure class=\"wp-block-image size-large is-resized\"><img loading=\"lazy\" decoding=\"async\" src=\"https:\/\/www.almargenweb.com.ar\/web\/wp-content\/uploads\/2020\/11\/53417252_304.jpg\" alt=\"\" class=\"wp-image-30404\" width=\"548\" height=\"308\" srcset=\"https:\/\/www.almargenweb.com.ar\/web\/wp-content\/uploads\/2020\/11\/53417252_304.jpg 940w, https:\/\/www.almargenweb.com.ar\/web\/wp-content\/uploads\/2020\/11\/53417252_304-300x169.jpg 300w, https:\/\/www.almargenweb.com.ar\/web\/wp-content\/uploads\/2020\/11\/53417252_304-768x432.jpg 768w\" sizes=\"auto, (max-width: 548px) 100vw, 548px\" \/><figcaption>Series y comer; a comienzos de la cuarentena, el humor social era otro.<\/figcaption><\/figure>\n\n\n\n<p>La realidad es que el mundo entero sufre las consecuencias econ\u00f3micas y sociales a causa del parate por Covid-19, concernencias que aun nadie sabe a ciencia cierta, el efecto real que tendr\u00e1.<\/p>\n\n\n\n<p>Argentina tiene n\u00fameros al rojo vivo, con la paralizaci\u00f3n casi total de la econom\u00eda que ya ven\u00eda golpeada por la recesi\u00f3n iniciada en abril de 2018, la inflaci\u00f3n que trepa al 18,9% acumulado en los primeros ocho meses del a\u00f1o, la tasa real de pobreza ser\u00e1 mayor al 35,5% al finalizar este 2020.<\/p>\n\n\n\n<p>P\u00e9rdidas de puestos de empleo y cierre de empresas y comercios. En este contexto, casi apocal\u00edptico es donde el argentino se reinventa, donde sin saberlo, redefinieron el significado de \u201ctolerancia\u201d.<\/p>\n\n\n\n<p>No existe un rubro peor que otro, sin embrago los artistas, saben lo que significa caminar en penumbras. A una profesi\u00f3n inestable en t\u00e9rminos laborales, se le suma el momento pandemia.<\/p>\n\n\n\n<figure class=\"wp-block-image size-large is-resized\"><img loading=\"lazy\" decoding=\"async\" src=\"https:\/\/www.almargenweb.com.ar\/web\/wp-content\/uploads\/2020\/11\/Screenshot_2020-11-08-09-54-53-990_com.android.chrome-01-611x1024.jpeg\" alt=\"\" class=\"wp-image-30403\" width=\"350\" height=\"586\" srcset=\"https:\/\/www.almargenweb.com.ar\/web\/wp-content\/uploads\/2020\/11\/Screenshot_2020-11-08-09-54-53-990_com.android.chrome-01-611x1024.jpeg 611w, https:\/\/www.almargenweb.com.ar\/web\/wp-content\/uploads\/2020\/11\/Screenshot_2020-11-08-09-54-53-990_com.android.chrome-01-179x300.jpeg 179w, https:\/\/www.almargenweb.com.ar\/web\/wp-content\/uploads\/2020\/11\/Screenshot_2020-11-08-09-54-53-990_com.android.chrome-01.jpeg 716w\" sizes=\"auto, (max-width: 350px) 100vw, 350px\" \/><figcaption>Cambio de rubro; el portal de noticias &#8220;Aire de Santafe&#8221; y un titulo que muestra la realidad de los artistas.<\/figcaption><\/figure>\n\n\n\n<p>Los integrantes de la banda de cumbia santafesina \u201cLos Band Band\u201d llevan 7 meses sin concretar show en vivo, 7 meses viviendo de ahorros. Para hacerle frente a la crisis y no vender los equipos musicales, recorren las calles de la ciudad vendiendo frutillas. El portal de noticias \u201cAire de Santa Fe; titulo \u201cDel escenario a la calle a vender frutas y verduras\u201d.<\/p>\n\n\n\n<p>Otro famoso; Flavio Mendoza, que en \u00e9pocas de brillo supo liderar taquillas veraniega con shows al estilo de la empresa teatral canadiense \u201cCirque du Soleil\u201d (la cual presento quiebra en julio de este a\u00f1o por falta de trabajo) le hace frente a la pandemia con un parripollo.<\/p>\n\n\n\n<p>En estos 7 meses, se frenaron las grabaciones de las series y las pel\u00edculas. Adem\u00e1s, se cerraron los teatros y cines.<\/p>\n\n\n\n<figure class=\"wp-block-image size-large\"><img loading=\"lazy\" decoding=\"async\" width=\"1004\" height=\"565\" src=\"https:\/\/www.almargenweb.com.ar\/web\/wp-content\/uploads\/2020\/11\/5f0cce4a2e252_1004x565.jpg\" alt=\"\" class=\"wp-image-30405\" srcset=\"https:\/\/www.almargenweb.com.ar\/web\/wp-content\/uploads\/2020\/11\/5f0cce4a2e252_1004x565.jpg 1004w, https:\/\/www.almargenweb.com.ar\/web\/wp-content\/uploads\/2020\/11\/5f0cce4a2e252_1004x565-300x169.jpg 300w, https:\/\/www.almargenweb.com.ar\/web\/wp-content\/uploads\/2020\/11\/5f0cce4a2e252_1004x565-768x432.jpg 768w\" sizes=\"auto, (max-width: 1004px) 100vw, 1004px\" \/><figcaption>Seg\u00fan la C\u00e1mara\u00a0 Argentina de Comercio, aument\u00f3 109% la cantidad de locales en alquiler y venta.<\/figcaption><\/figure>\n\n\n\n<p>Comercios cerrados, pymes quebradas y empresas con presentaci\u00f3n de acreedores hicieron que miles de personas busquen alternativas en momentos dif\u00edciles. Peque\u00f1os almacenes (despensas), verdulerias y quioscos se multiplicaron en distintos barrios. Lo inefable de este fen\u00f3meno, es la crisis econ\u00f3mica. Estos lugares son consecuencia de una situaci\u00f3n econ\u00f3mica, social y pol\u00edtica complicada.<\/p>\n\n\n\n<p>Seg\u00fan la CAC (C\u00e1mara Argentina de Comercio) aument\u00f3 109% la cantidad de locales en alquiler y venta, de un total de cuatro ciudades relevadas, (Buenos Aires, C\u00f3rdoba, Santa fe).<\/p>\n\n\n\n<figure class=\"wp-block-image size-large is-resized\"><img loading=\"lazy\" decoding=\"async\" src=\"https:\/\/www.almargenweb.com.ar\/web\/wp-content\/uploads\/2020\/11\/113_centro-comercial-en-esperanza-santa-fe.jpg\" alt=\"\" class=\"wp-image-30406\" width=\"541\" height=\"352\" srcset=\"https:\/\/www.almargenweb.com.ar\/web\/wp-content\/uploads\/2020\/11\/113_centro-comercial-en-esperanza-santa-fe.jpg 400w, https:\/\/www.almargenweb.com.ar\/web\/wp-content\/uploads\/2020\/11\/113_centro-comercial-en-esperanza-santa-fe-300x195.jpg 300w\" sizes=\"auto, (max-width: 541px) 100vw, 541px\" \/><figcaption>Esperanza con esperanza; las inmobiliarias asumen una situaci\u00f3n dif\u00edcil debido a las bajas en los contratos de casas &#8220;para estudiantes&#8221;. Estiman que la situacion mejore con la asistencia a clases.<\/figcaption><\/figure>\n\n\n\n<p>Esperanza no es ajena, con un aumento que ronda entre el 10% y 15% seg\u00fan distintas inmobiliarias consultadas, las que tambi\u00e9n manifestaron su preocupaci\u00f3n por la baja en los contratos de alquiler en \u201ccasas para estudiantes\u201d, aunque sostienen que con la regularizaci\u00f3n de las clases presenciales, esto ira normalizando.<\/p>\n\n\n\n<p>Redacci\u00f3n de Al Margen web.<\/p>\n<!-- AddThis Advanced Settings generic via filter on the_content --><!-- AddThis Share Buttons generic via filter on the_content -->","protected":false},"excerpt":{"rendered":"<p>La vida est\u00e1 marcada por ciclos que anuncian el inicio de algo nuevo y el cierre [&hellip;]<!-- AddThis Advanced Settings generic via filter on get_the_excerpt --><!-- AddThis Share Buttons generic via filter on get_the_excerpt --><\/p>\n","protected":false},"author":16,"featured_media":30407,"comment_status":"open","ping_status":"open","sticky":false,"template":"","format":"standard","meta":{"_seopress_robots_primary_cat":"","_seopress_titles_title":"","_seopress_titles_desc":"","_seopress_robots_index":"","_themeisle_gutenberg_block_has_review":false,"footnotes":""},"categories":[2,5,47,140,9,15],"tags":[],"class_list":["post-30402","post","type-post","status-publish","format-standard","has-post-thumbnail","hentry","category-actualidad","category-economia","category-locales","category-nacionales","category-politica","category-salud"],"_links":{"self":[{"href":"https:\/\/www.almargenweb.com.ar\/web\/wp-json\/wp\/v2\/posts\/30402","targetHints":{"allow":["GET"]}}],"collection":[{"href":"https:\/\/www.almargenweb.com.ar\/web\/wp-json\/wp\/v2\/posts"}],"about":[{"href":"https:\/\/www.almargenweb.com.ar\/web\/wp-json\/wp\/v2\/types\/post"}],"author":[{"embeddable":true,"href":"https:\/\/www.almargenweb.com.ar\/web\/wp-json\/wp\/v2\/users\/16"}],"replies":[{"embeddable":true,"href":"https:\/\/www.almargenweb.com.ar\/web\/wp-json\/wp\/v2\/comments?post=30402"}],"version-history":[{"count":1,"href":"https:\/\/www.almargenweb.com.ar\/web\/wp-json\/wp\/v2\/posts\/30402\/revisions"}],"predecessor-version":[{"id":30408,"href":"https:\/\/www.almargenweb.com.ar\/web\/wp-json\/wp\/v2\/posts\/30402\/revisions\/30408"}],"wp:featuredmedia":[{"embeddable":true,"href":"https:\/\/www.almargenweb.com.ar\/web\/wp-json\/wp\/v2\/media\/30407"}],"wp:attachment":[{"href":"https:\/\/www.almargenweb.com.ar\/web\/wp-json\/wp\/v2\/media?parent=30402"}],"wp:term":[{"taxonomy":"category","embeddable":true,"href":"https:\/\/www.almargenweb.com.ar\/web\/wp-json\/wp\/v2\/categories?post=30402"},{"taxonomy":"post_tag","embeddable":true,"href":"https:\/\/www.almargenweb.com.ar\/web\/wp-json\/wp\/v2\/tags?post=30402"}],"curies":[{"name":"wp","href":"https:\/\/api.w.org\/{rel}","templated":true}]}}