{"id":30388,"date":"2020-11-07T10:39:00","date_gmt":"2020-11-07T13:39:00","guid":{"rendered":"http:\/\/www.almargenweb.com.ar\/web\/?p=30388"},"modified":"2020-11-07T10:56:27","modified_gmt":"2020-11-07T13:56:27","slug":"humboldt-reconocen-la-figura-del-dr-raul-wagner","status":"publish","type":"post","link":"https:\/\/www.almargenweb.com.ar\/web\/humboldt-reconocen-la-figura-del-dr-raul-wagner\/","title":{"rendered":"Humboldt: reconocen la figura del Dr. Ra\u00fal Wagner."},"content":{"rendered":"\n<p>A lo largo de los a\u00f1os la comunidad de Humboldt viene reconociendo a m\u00e9dicos y profesionales de la salud. Es un hecho que viene sucediendo a lo largo del tiempo. La importancia del m\u00e9dico en la sociedad, y m\u00e1s para los pueblos chicos, es siempre un hecho para destacar y m\u00e1s a\u00fan en tiempos de pandemia.<\/p>\n\n\n\n<p>\u201cEs un reconocimiento muy especial que se hace en un momento complicado y en el que es necesario resaltar la figura de los profesionales de la salud, con los que trabajamos desde hace siete meses codo a codo, tomando decisiones sanitarias en conjunto por el bien de la comunidad\u201d, destac\u00f3 el presidente comunal Duilio Rohrmann quien ser\u00e1 el anfitri\u00f3n en el homenaje que se desarrollar\u00e1 esta tarde, desde las 18 horas, sobre la Avenida Beck &amp; Herzog.<\/p>\n\n\n\n<p>Rohrmann se\u00f1al\u00f3 que la idea de llevar a cabo este reconocimiento a la figura del doctor Wagner naci\u00f3 hace tres a\u00f1os. \u201cEn el marco del programa Provincial Creer, Crear, Crecer, se eligi\u00f3 en una terna al Dr. Ra\u00fal Wagner, una personalidad destacada no s\u00f3lo en zona sino tambi\u00e9n en gra parte del pa\u00eds\u201d.<\/p>\n\n\n\n<figure class=\"wp-block-image size-large\"><img loading=\"lazy\" decoding=\"async\" width=\"1024\" height=\"609\" src=\"https:\/\/www.almargenweb.com.ar\/web\/wp-content\/uploads\/2020\/11\/maxresdefault-01-1024x609.jpeg\" alt=\"\" class=\"wp-image-30391\" srcset=\"https:\/\/www.almargenweb.com.ar\/web\/wp-content\/uploads\/2020\/11\/maxresdefault-01-1024x609.jpeg 1024w, https:\/\/www.almargenweb.com.ar\/web\/wp-content\/uploads\/2020\/11\/maxresdefault-01-300x178.jpeg 300w, https:\/\/www.almargenweb.com.ar\/web\/wp-content\/uploads\/2020\/11\/maxresdefault-01-768x457.jpeg 768w, https:\/\/www.almargenweb.com.ar\/web\/wp-content\/uploads\/2020\/11\/maxresdefault-01.jpeg 1160w\" sizes=\"auto, (max-width: 1024px) 100vw, 1024px\" \/><figcaption>Medico de campo; &#8220;Raul llegaba el d\u00eda que sea, a la hora que sea necesaria, con lluvia, con fr\u00edo o con barro en carro&#8221;<\/figcaption><\/figure>\n\n\n\n<p>\u201cEl doctor Wagner fue un destacado m\u00e9dico rural. Llegaba el d\u00eda que sea, a la hora que sea necesaria, con lluvia, con fr\u00edo o con barro en carro. Pas\u00f3 por todas las alternativas que pasa un m\u00e9dico rural. Adem\u00e1s otro hecho destacado en la vida del Dr. Wagner, fue su legado en materia educativa con la creaci\u00f3n del Instituto Centenario de Humboldt: la primera escuela secundaria del pueblo. Despu\u00e9s en el marco del 150\u00b0 Aniversario fue impulsor principal para que las carreras universitarias se puedan cursar en la localidad tras un acuerdo con la Universidad Cat\u00f3lica. Por eso cre\u00edamos que era necesario rendirle homenaje, brindarle un reconocimiento, una demostraci\u00f3n de agradecimiento de toda la localidad\u201d, ampli\u00f3 el Jefe Comunal.<\/p>\n<!-- AddThis Advanced Settings generic via filter on the_content --><!-- AddThis Share Buttons generic via filter on the_content -->","protected":false},"excerpt":{"rendered":"<p>A lo largo de los a\u00f1os la comunidad de Humboldt viene reconociendo a m\u00e9dicos y profesionales [&hellip;]<!-- AddThis Advanced Settings generic via filter on get_the_excerpt --><!-- AddThis Share Buttons generic via filter on get_the_excerpt --><\/p>\n","protected":false},"author":16,"featured_media":30389,"comment_status":"open","ping_status":"open","sticky":false,"template":"","format":"standard","meta":{"_seopress_robots_primary_cat":"","_seopress_titles_title":"","_seopress_titles_desc":"","_seopress_robots_index":"","_themeisle_gutenberg_block_has_review":false,"footnotes":""},"categories":[2,3,21],"tags":[585,402,586],"class_list":["post-30388","post","type-post","status-publish","format-standard","has-post-thumbnail","hentry","category-actualidad","category-cultura","category-las-colonias","tag-humbolt","tag-lascolonias-2","tag-reconocimientowagner"],"_links":{"self":[{"href":"https:\/\/www.almargenweb.com.ar\/web\/wp-json\/wp\/v2\/posts\/30388","targetHints":{"allow":["GET"]}}],"collection":[{"href":"https:\/\/www.almargenweb.com.ar\/web\/wp-json\/wp\/v2\/posts"}],"about":[{"href":"https:\/\/www.almargenweb.com.ar\/web\/wp-json\/wp\/v2\/types\/post"}],"author":[{"embeddable":true,"href":"https:\/\/www.almargenweb.com.ar\/web\/wp-json\/wp\/v2\/users\/16"}],"replies":[{"embeddable":true,"href":"https:\/\/www.almargenweb.com.ar\/web\/wp-json\/wp\/v2\/comments?post=30388"}],"version-history":[{"count":2,"href":"https:\/\/www.almargenweb.com.ar\/web\/wp-json\/wp\/v2\/posts\/30388\/revisions"}],"predecessor-version":[{"id":30393,"href":"https:\/\/www.almargenweb.com.ar\/web\/wp-json\/wp\/v2\/posts\/30388\/revisions\/30393"}],"wp:featuredmedia":[{"embeddable":true,"href":"https:\/\/www.almargenweb.com.ar\/web\/wp-json\/wp\/v2\/media\/30389"}],"wp:attachment":[{"href":"https:\/\/www.almargenweb.com.ar\/web\/wp-json\/wp\/v2\/media?parent=30388"}],"wp:term":[{"taxonomy":"category","embeddable":true,"href":"https:\/\/www.almargenweb.com.ar\/web\/wp-json\/wp\/v2\/categories?post=30388"},{"taxonomy":"post_tag","embeddable":true,"href":"https:\/\/www.almargenweb.com.ar\/web\/wp-json\/wp\/v2\/tags?post=30388"}],"curies":[{"name":"wp","href":"https:\/\/api.w.org\/{rel}","templated":true}]}}