{"id":30363,"date":"2020-11-06T09:04:19","date_gmt":"2020-11-06T12:04:19","guid":{"rendered":"http:\/\/www.almargenweb.com.ar\/web\/?p=30363"},"modified":"2020-11-06T13:34:35","modified_gmt":"2020-11-06T16:34:35","slug":"prohibieron-el-acceso-al-balneario-camping-municipal","status":"publish","type":"post","link":"https:\/\/www.almargenweb.com.ar\/web\/prohibieron-el-acceso-al-balneario-camping-municipal\/","title":{"rendered":"Prohibieron el acceso al balneario camping municipal."},"content":{"rendered":"\n<p>Mientras que en el resto de las localidades del departamento Las Colonias festejan el levantamiento de barricadas y desbloquean los ingresos a pueblos, apelando al sentido com\u00fan y responsabilidad civil de los vecinos, mientras que las ciudades costeras disfrutan y preparan sus playas para la temporada estival, Santa fe o Parana, por citar ejemplos. El Municipio de Esperanza, en un acto deliberadamente prohibitivo, bloquea los ingresos al camping municipal con mont\u00edculos de tierra.<\/p>\n\n\n\n<p>Esta decisi\u00f3n desp\u00f3tica, tiene su explicaci\u00f3n oficial con cierto aire de ingenuidad; \u201cevitar la aglomeraci\u00f3n de gente\u201d. <\/p>\n\n\n\n<p>Lo que no se puede (o no se sabe) controlar, se proh\u00edbe. Recuerdos de un lejano manual del absolutismo K, evidentemente siempre presente.<\/p>\n\n\n\n<figure class=\"wp-block-image size-large\"><img loading=\"lazy\" decoding=\"async\" width=\"972\" height=\"648\" src=\"https:\/\/www.almargenweb.com.ar\/web\/wp-content\/uploads\/2020\/11\/camping-balneario.jpg\" alt=\"\" class=\"wp-image-30365\" srcset=\"https:\/\/www.almargenweb.com.ar\/web\/wp-content\/uploads\/2020\/11\/camping-balneario.jpg 972w, https:\/\/www.almargenweb.com.ar\/web\/wp-content\/uploads\/2020\/11\/camping-balneario-300x200.jpg 300w, https:\/\/www.almargenweb.com.ar\/web\/wp-content\/uploads\/2020\/11\/camping-balneario-768x512.jpg 768w\" sizes=\"auto, (max-width: 972px) 100vw, 972px\" \/><figcaption>Prohibido en ingreso hasta nuevo aviso;as\u00ed lo dispuso el Municipio para &#8220;evitar aglomeraci\u00f3n de personas&#8221;. <\/figcaption><\/figure>\n\n\n\n<p>Es verdad que vivimos en tiempos de pandemia, algo nuevo y tristemente curioso para muchas generaciones. Vivir en modo &#8220;nueva modalidad&#8221;. Este 2020 sera el a\u00f1o en el que, el mundo entero se detuvo a diagramar estrategias para luego incorporarlas en la &#8220;nueva cotidianeidad&#8221;.<\/p>\n\n\n\n<p>En este sentido, existen protocolos epidemiologicos, redactados en mesa de di\u00e1logo con distintas voces autorizadas que incluyen m\u00e9dicos, epidemiologos hasta sectores del turismo, gastronomia, etc. Siempre prima el sentido com\u00fan, el mas com\u00fan de todos los sentidos, siempre necesario en estos casos extraordinarios.<\/p>\n\n\n\n<p>Tal vez los esperancinos, a diferencia del resto de localidades del departamento Las Colonias, carecemos de sentido com\u00fan. Tal vez esta gesti\u00f3n Meiners, tenga el manual del absolutismo siempre listo. En cualquiera de los dos casos, prohibir esta prohibido.<\/p>\n<!-- AddThis Advanced Settings generic via filter on the_content --><!-- AddThis Share Buttons generic via filter on the_content -->","protected":false},"excerpt":{"rendered":"<p>Mientras que en el resto de las localidades del departamento Las Colonias festejan el levantamiento de [&hellip;]<!-- AddThis Advanced Settings generic via filter on get_the_excerpt --><!-- AddThis Share Buttons generic via filter on get_the_excerpt --><\/p>\n","protected":false},"author":16,"featured_media":30364,"comment_status":"open","ping_status":"open","sticky":false,"template":"","format":"standard","meta":{"_seopress_robots_primary_cat":"","_seopress_titles_title":"","_seopress_titles_desc":"","_seopress_robots_index":"","_themeisle_gutenberg_block_has_review":false,"footnotes":""},"categories":[2,164,21],"tags":[],"class_list":["post-30363","post","type-post","status-publish","format-standard","has-post-thumbnail","hentry","category-actualidad","category-ambiente","category-las-colonias"],"_links":{"self":[{"href":"https:\/\/www.almargenweb.com.ar\/web\/wp-json\/wp\/v2\/posts\/30363","targetHints":{"allow":["GET"]}}],"collection":[{"href":"https:\/\/www.almargenweb.com.ar\/web\/wp-json\/wp\/v2\/posts"}],"about":[{"href":"https:\/\/www.almargenweb.com.ar\/web\/wp-json\/wp\/v2\/types\/post"}],"author":[{"embeddable":true,"href":"https:\/\/www.almargenweb.com.ar\/web\/wp-json\/wp\/v2\/users\/16"}],"replies":[{"embeddable":true,"href":"https:\/\/www.almargenweb.com.ar\/web\/wp-json\/wp\/v2\/comments?post=30363"}],"version-history":[{"count":3,"href":"https:\/\/www.almargenweb.com.ar\/web\/wp-json\/wp\/v2\/posts\/30363\/revisions"}],"predecessor-version":[{"id":30381,"href":"https:\/\/www.almargenweb.com.ar\/web\/wp-json\/wp\/v2\/posts\/30363\/revisions\/30381"}],"wp:featuredmedia":[{"embeddable":true,"href":"https:\/\/www.almargenweb.com.ar\/web\/wp-json\/wp\/v2\/media\/30364"}],"wp:attachment":[{"href":"https:\/\/www.almargenweb.com.ar\/web\/wp-json\/wp\/v2\/media?parent=30363"}],"wp:term":[{"taxonomy":"category","embeddable":true,"href":"https:\/\/www.almargenweb.com.ar\/web\/wp-json\/wp\/v2\/categories?post=30363"},{"taxonomy":"post_tag","embeddable":true,"href":"https:\/\/www.almargenweb.com.ar\/web\/wp-json\/wp\/v2\/tags?post=30363"}],"curies":[{"name":"wp","href":"https:\/\/api.w.org\/{rel}","templated":true}]}}