{"id":30325,"date":"2020-11-04T15:52:50","date_gmt":"2020-11-04T18:52:50","guid":{"rendered":"http:\/\/www.almargenweb.com.ar\/web\/?p=30325"},"modified":"2020-11-04T16:20:16","modified_gmt":"2020-11-04T19:20:16","slug":"parque-de-la-agricultura-basura-y-suciedad-en-el-paseo-predilecto-por-los-esperancinos","status":"publish","type":"post","link":"https:\/\/www.almargenweb.com.ar\/web\/parque-de-la-agricultura-basura-y-suciedad-en-el-paseo-predilecto-por-los-esperancinos\/","title":{"rendered":"Parque de la Agricultura; basura y suciedad en el paseo predilecto por los esperancinos."},"content":{"rendered":"\n<p>Lo que en otra \u00e9poca fue un lugar admirado por otras localidades, incluso viajeros del exterior muestran admiraci\u00f3n al pasear por el Parque de la Agricultura, el orgullo de los esperancinos en los fines de semana.<\/p>\n\n\n\n<p>Por estos d\u00edas, el parque muestra una cara muy distinta de la que podr\u00eda generar admiraci\u00f3n, precisamente. Aguas oscuras, infestaci\u00f3n de mosquitos y el peligro por Dengue siempre acechando. Residuos en el lago y en los espacios verdes, tambi\u00e9n con pastos altos. <\/p>\n\n\n\n<figure class=\"wp-block-image size-large is-resized\"><img loading=\"lazy\" decoding=\"async\" src=\"https:\/\/www.almargenweb.com.ar\/web\/wp-content\/uploads\/2020\/11\/unnamed-3.jpg\" alt=\"\" class=\"wp-image-30327\" width=\"566\" height=\"378\" srcset=\"https:\/\/www.almargenweb.com.ar\/web\/wp-content\/uploads\/2020\/11\/unnamed-3.jpg 512w, https:\/\/www.almargenweb.com.ar\/web\/wp-content\/uploads\/2020\/11\/unnamed-3-300x200.jpg 300w\" sizes=\"auto, (max-width: 566px) 100vw, 566px\" \/><figcaption>Otra \u00e9poca; en tiempos de verdes limpios y aguas claras.<\/figcaption><\/figure>\n\n\n\n<p>Una triste imagen que sin dudas, deja entrever que &#8220;el leoncito&#8221; esta lejos de su \u00e9poca admirable.<\/p>\n\n\n\n<p>En este sentido, el Concejal Rodrigo Muller consigui\u00f3 que el Concejo Municipal aprobara un Proyecto que solicita un &#8220;Pedido de Limpieza del Lago del Parque de la Agricultura&#8221;.<\/p>\n\n\n\n<figure class=\"wp-block-image size-large is-resized\"><img loading=\"lazy\" decoding=\"async\" src=\"https:\/\/www.almargenweb.com.ar\/web\/wp-content\/uploads\/2020\/11\/1538094702.jpg\" alt=\"\" class=\"wp-image-30328\" width=\"440\" height=\"440\" srcset=\"https:\/\/www.almargenweb.com.ar\/web\/wp-content\/uploads\/2020\/11\/1538094702.jpg 400w, https:\/\/www.almargenweb.com.ar\/web\/wp-content\/uploads\/2020\/11\/1538094702-300x300.jpg 300w, https:\/\/www.almargenweb.com.ar\/web\/wp-content\/uploads\/2020\/11\/1538094702-150x150.jpg 150w\" sizes=\"auto, (max-width: 440px) 100vw, 440px\" \/><figcaption>El consejal Rodrigo Muller, solicito que se incluya en el presupuesto 2021, el saneamiento y limpieza del Parque de la Agricultura.<\/figcaption><\/figure>\n\n\n\n<p>Los vecinos de esperanza son vig\u00edas de estos espacios y en un llamado de atenci\u00f3n para las autoridades, en este caso \u00c1rea Paseos P\u00fablicos de la Municipalidad, que parece dormir ante la inminente necesidad de limpieza del parque, suben fotos a sus redes sociales mostrando el estado lamentable en el que se encuentra en parque de la agricultura.<\/p>\n<!-- AddThis Advanced Settings generic via filter on the_content --><!-- AddThis Share Buttons generic via filter on the_content -->","protected":false},"excerpt":{"rendered":"<p>Lo que en otra \u00e9poca fue un lugar admirado por otras localidades, incluso viajeros del exterior [&hellip;]<!-- AddThis Advanced Settings generic via filter on get_the_excerpt --><!-- AddThis Share Buttons generic via filter on get_the_excerpt --><\/p>\n","protected":false},"author":16,"featured_media":30326,"comment_status":"open","ping_status":"open","sticky":false,"template":"","format":"standard","meta":{"_seopress_robots_primary_cat":"","_seopress_titles_title":"","_seopress_titles_desc":"","_seopress_robots_index":"","_themeisle_gutenberg_block_has_review":false,"footnotes":""},"categories":[2,164,47,9],"tags":[],"class_list":["post-30325","post","type-post","status-publish","format-standard","has-post-thumbnail","hentry","category-actualidad","category-ambiente","category-locales","category-politica"],"_links":{"self":[{"href":"https:\/\/www.almargenweb.com.ar\/web\/wp-json\/wp\/v2\/posts\/30325","targetHints":{"allow":["GET"]}}],"collection":[{"href":"https:\/\/www.almargenweb.com.ar\/web\/wp-json\/wp\/v2\/posts"}],"about":[{"href":"https:\/\/www.almargenweb.com.ar\/web\/wp-json\/wp\/v2\/types\/post"}],"author":[{"embeddable":true,"href":"https:\/\/www.almargenweb.com.ar\/web\/wp-json\/wp\/v2\/users\/16"}],"replies":[{"embeddable":true,"href":"https:\/\/www.almargenweb.com.ar\/web\/wp-json\/wp\/v2\/comments?post=30325"}],"version-history":[{"count":3,"href":"https:\/\/www.almargenweb.com.ar\/web\/wp-json\/wp\/v2\/posts\/30325\/revisions"}],"predecessor-version":[{"id":30331,"href":"https:\/\/www.almargenweb.com.ar\/web\/wp-json\/wp\/v2\/posts\/30325\/revisions\/30331"}],"wp:featuredmedia":[{"embeddable":true,"href":"https:\/\/www.almargenweb.com.ar\/web\/wp-json\/wp\/v2\/media\/30326"}],"wp:attachment":[{"href":"https:\/\/www.almargenweb.com.ar\/web\/wp-json\/wp\/v2\/media?parent=30325"}],"wp:term":[{"taxonomy":"category","embeddable":true,"href":"https:\/\/www.almargenweb.com.ar\/web\/wp-json\/wp\/v2\/categories?post=30325"},{"taxonomy":"post_tag","embeddable":true,"href":"https:\/\/www.almargenweb.com.ar\/web\/wp-json\/wp\/v2\/tags?post=30325"}],"curies":[{"name":"wp","href":"https:\/\/api.w.org\/{rel}","templated":true}]}}