{"id":30317,"date":"2020-11-04T10:30:35","date_gmt":"2020-11-04T13:30:35","guid":{"rendered":"http:\/\/www.almargenweb.com.ar\/web\/?p=30317"},"modified":"2020-11-04T10:30:36","modified_gmt":"2020-11-04T13:30:36","slug":"un-diputado-ultra-k-quiere-aplicarle-otro-impuesto-a-la-yerba-mate","status":"publish","type":"post","link":"https:\/\/www.almargenweb.com.ar\/web\/un-diputado-ultra-k-quiere-aplicarle-otro-impuesto-a-la-yerba-mate\/","title":{"rendered":"Un diputado ultra K quiere aplicarle otro impuesto a la yerba mate."},"content":{"rendered":"\n<p>Un proyecto de ley que busca ampliar un gravamen sobre la yerba mate genera preocupaci\u00f3n en toda la cadena productiva en momentos que el consumo interno comienza a mostrar n\u00fameros en rojo despu\u00e9s de varios a\u00f1os de crecimiento.<\/p>\n\n\n\n<p>La iniciativa del diputado ultra K por Misiones H\u00e9ctor B\u00e1rbaro, propone llevar hasta el 5% del precio promedio del paquete el valor de la estampilla &#8211; hoy no llega al 1%- y con esa recaudaci\u00f3n crear el Fondo Especial Yerbatero (FEY).<\/p>\n\n\n\n<p>H\u00e9ctor B\u00e1rbaro quiere llevar el precio de la estampilla al 5% del valor del paquete de yerba cuando hoy no supera el 1%. Reclamo de toda la cadena productiva.<\/p>\n\n\n\n<figure class=\"wp-block-image size-large\"><img loading=\"lazy\" decoding=\"async\" width=\"512\" height=\"331\" src=\"https:\/\/www.almargenweb.com.ar\/web\/wp-content\/uploads\/2020\/11\/unnamed-2.jpg\" alt=\"\" class=\"wp-image-30319\" srcset=\"https:\/\/www.almargenweb.com.ar\/web\/wp-content\/uploads\/2020\/11\/unnamed-2.jpg 512w, https:\/\/www.almargenweb.com.ar\/web\/wp-content\/uploads\/2020\/11\/unnamed-2-300x194.jpg 300w\" sizes=\"auto, (max-width: 512px) 100vw, 512px\" \/><figcaption>El Diputado ultra K, por Misiones, H\u00e9ctor B\u00e1rbaro, que proviene del sector tabacalero y es muy resistido por todo el arco productivo yerbatero,<\/figcaption><\/figure>\n\n\n\n<p>El proyecto ingres\u00f3 formalmente en el Congreso y promete una fuerte discusi\u00f3n, ya que desde el sector industrial advirtieron que atenta contra la competitividad y rentabilidad de toda la cadena de valor.<\/p>\n\n\n\n<p>Desde Econom\u00edas Regionales de la Confederaci\u00f3n Argentina de la Mediana Empresa (CAME) ya enviaron sendas notas al ministro de Agricultura, Luis Basterra; y al presidente de la Comisi\u00f3n de Econom\u00edas y Desarrollo Regional de la C\u00e1mara de Diputados, Carlos Guti\u00e9rrez, planteando su preocupaci\u00f3n por lo que denominaron un \u201cimpuestazo\u201d.<\/p>\n\n\n\n<p>El diputado B\u00e1rbaro, que proviene del sector tabacalero y es muy resistido por todo el arco productivo yerbatero, que sospecha que el legislador quiere manejar esa caja.<\/p>\n\n\n\n<p>Desde CAME destacaron que \u201cla cadena de valor yerbatera, como todas las producciones agroindustriales regionales, ya soporta una presi\u00f3n impositiva r\u00e9cord en Am\u00e9rica Latina; a la que se sumar\u00eda esta nueva tasa que ser\u00eda a\u00fan m\u00e1s perjudicial que Ingresos Brutos\u201d. Y se\u00f1alaron que habr\u00eda una afectaci\u00f3n al consumidor, ya que la yerba est\u00e1 presente en el 98 por ciento de los hogares argentinos.<\/p>\n\n\n\n<p>Un eventual trasladado a precio podr\u00eda derivar en menos ventas y tambi\u00e9n en un incremento inflacionario.<\/p>\n\n\n\n<p><\/p>\n<!-- AddThis Advanced Settings generic via filter on the_content --><!-- AddThis Share Buttons generic via filter on the_content -->","protected":false},"excerpt":{"rendered":"<p>Un proyecto de ley que busca ampliar un gravamen sobre la yerba mate genera preocupaci\u00f3n en [&hellip;]<!-- AddThis Advanced Settings generic via filter on get_the_excerpt --><!-- AddThis Share Buttons generic via filter on get_the_excerpt --><\/p>\n","protected":false},"author":16,"featured_media":30318,"comment_status":"open","ping_status":"open","sticky":false,"template":"","format":"standard","meta":{"_seopress_robots_primary_cat":"","_seopress_titles_title":"","_seopress_titles_desc":"","_seopress_robots_index":"","_themeisle_gutenberg_block_has_review":false,"footnotes":""},"categories":[1],"tags":[],"class_list":["post-30317","post","type-post","status-publish","format-standard","has-post-thumbnail","hentry","category-sin-categoria"],"_links":{"self":[{"href":"https:\/\/www.almargenweb.com.ar\/web\/wp-json\/wp\/v2\/posts\/30317","targetHints":{"allow":["GET"]}}],"collection":[{"href":"https:\/\/www.almargenweb.com.ar\/web\/wp-json\/wp\/v2\/posts"}],"about":[{"href":"https:\/\/www.almargenweb.com.ar\/web\/wp-json\/wp\/v2\/types\/post"}],"author":[{"embeddable":true,"href":"https:\/\/www.almargenweb.com.ar\/web\/wp-json\/wp\/v2\/users\/16"}],"replies":[{"embeddable":true,"href":"https:\/\/www.almargenweb.com.ar\/web\/wp-json\/wp\/v2\/comments?post=30317"}],"version-history":[{"count":1,"href":"https:\/\/www.almargenweb.com.ar\/web\/wp-json\/wp\/v2\/posts\/30317\/revisions"}],"predecessor-version":[{"id":30320,"href":"https:\/\/www.almargenweb.com.ar\/web\/wp-json\/wp\/v2\/posts\/30317\/revisions\/30320"}],"wp:featuredmedia":[{"embeddable":true,"href":"https:\/\/www.almargenweb.com.ar\/web\/wp-json\/wp\/v2\/media\/30318"}],"wp:attachment":[{"href":"https:\/\/www.almargenweb.com.ar\/web\/wp-json\/wp\/v2\/media?parent=30317"}],"wp:term":[{"taxonomy":"category","embeddable":true,"href":"https:\/\/www.almargenweb.com.ar\/web\/wp-json\/wp\/v2\/categories?post=30317"},{"taxonomy":"post_tag","embeddable":true,"href":"https:\/\/www.almargenweb.com.ar\/web\/wp-json\/wp\/v2\/tags?post=30317"}],"curies":[{"name":"wp","href":"https:\/\/api.w.org\/{rel}","templated":true}]}}