{"id":30312,"date":"2020-11-04T08:41:57","date_gmt":"2020-11-04T11:41:57","guid":{"rendered":"http:\/\/www.almargenweb.com.ar\/web\/?p=30312"},"modified":"2020-11-04T08:41:58","modified_gmt":"2020-11-04T11:41:58","slug":"franck-el-dinero-de-la-fiesta-patronal-fue-invertido-en-una-ambulancia-para-traslados-de-emergencias-sanitarias","status":"publish","type":"post","link":"https:\/\/www.almargenweb.com.ar\/web\/franck-el-dinero-de-la-fiesta-patronal-fue-invertido-en-una-ambulancia-para-traslados-de-emergencias-sanitarias\/","title":{"rendered":"Franck; El dinero de la fiesta patronal fue invertido en una ambulancia para traslados de emergencias sanitarias"},"content":{"rendered":"\n<p>La vecina localidad de Franck es otros tantos pueblos y ciudades que tuvieron que repensar la forma de festejar sus propias fiestas patronales ya que la situaci\u00f3n sanitaria y el humor social afectan en gran medida las decisiones de gobierno.<\/p>\n\n\n\n<p>Con el objetivo de dar continuidad a una serie de inversiones en materia de salud p\u00fablica, la actual gesti\u00f3n comunal de Franck adquiri\u00f3 a trav\u00e9s de una inversi\u00f3n que ronda los $4.000.000, un rodado Mercedes Benz Sprinter para destinarlo al servicio de ambulancia 24hs. que brinda la Comuna.<\/p>\n\n\n\n<p>El carrozado estar\u00e1 a cargo de una empresa local la cual incorporar\u00e1 todo el equipamiento necesario que requiere una ambulancia para la alta complejidad.<\/p>\n\n\n\n<figure class=\"wp-block-image size-large\"><img loading=\"lazy\" decoding=\"async\" width=\"1024\" height=\"768\" src=\"https:\/\/www.almargenweb.com.ar\/web\/wp-content\/uploads\/2020\/11\/multimedia.normal.87fef8dafdc5a8c8.46425f494d475f313630343433363730313537315f6e6f726d616c2e6a7067-1024x768.jpg\" alt=\"\" class=\"wp-image-30314\" srcset=\"https:\/\/www.almargenweb.com.ar\/web\/wp-content\/uploads\/2020\/11\/multimedia.normal.87fef8dafdc5a8c8.46425f494d475f313630343433363730313537315f6e6f726d616c2e6a7067-1024x768.jpg 1024w, https:\/\/www.almargenweb.com.ar\/web\/wp-content\/uploads\/2020\/11\/multimedia.normal.87fef8dafdc5a8c8.46425f494d475f313630343433363730313537315f6e6f726d616c2e6a7067-300x225.jpg 300w, https:\/\/www.almargenweb.com.ar\/web\/wp-content\/uploads\/2020\/11\/multimedia.normal.87fef8dafdc5a8c8.46425f494d475f313630343433363730313537315f6e6f726d616c2e6a7067-768x576.jpg 768w, https:\/\/www.almargenweb.com.ar\/web\/wp-content\/uploads\/2020\/11\/multimedia.normal.87fef8dafdc5a8c8.46425f494d475f313630343433363730313537315f6e6f726d616c2e6a7067.jpg 1080w\" sizes=\"auto, (max-width: 1024px) 100vw, 1024px\" \/><figcaption>El dinero de la fiesta patronal convertido en Equipamientos Sanitarios de alta complejidad.<\/figcaption><\/figure>\n\n\n\n<p>Esta adquisici\u00f3n, viene de la mano con la construcci\u00f3n del nuevo sector de cocheras en el Centro de Atenci\u00f3n Primario de Salud &#8220;Telmo E. Albrecht&#8221;, el cual se inaugurar\u00e1 en los pr\u00f3ximos d\u00edas.<\/p>\n\n\n\n<p>Javier Enrico, presidente comunal, manifest\u00f3 la voluntad de seguir avanzando en distintas inversiones y gestiones que posibiliten brindar un mejor servicio de salud para todos los franckinos; como as\u00ed tambi\u00e9n, para los vecinos de localidades aleda\u00f1as que se atienden en nuestra localidad.<\/p>\n\n\n\n<p>Enrico destaco y agradeci\u00f3 el trabajo incansable de&#8221;todo el personal de ambulancias como as\u00ed tambi\u00e9n, la inmensurable tarea desarrollada por todos los profesionales de la salud, en estos tiempos dificiles de pandemia que nos toca atravesar&#8221;.<\/p>\n<!-- AddThis Advanced Settings generic via filter on the_content --><!-- AddThis Share Buttons generic via filter on the_content -->","protected":false},"excerpt":{"rendered":"<p>La vecina localidad de Franck es otros tantos pueblos y ciudades que tuvieron que repensar la [&hellip;]<!-- AddThis Advanced Settings generic via filter on get_the_excerpt --><!-- AddThis Share Buttons generic via filter on get_the_excerpt --><\/p>\n","protected":false},"author":16,"featured_media":30313,"comment_status":"open","ping_status":"open","sticky":false,"template":"","format":"standard","meta":{"_seopress_robots_primary_cat":"","_seopress_titles_title":"","_seopress_titles_desc":"","_seopress_robots_index":"","_themeisle_gutenberg_block_has_review":false,"footnotes":""},"categories":[2,20,21,15],"tags":[],"class_list":["post-30312","post","type-post","status-publish","format-standard","has-post-thumbnail","hentry","category-actualidad","category-departamentales","category-las-colonias","category-salud"],"_links":{"self":[{"href":"https:\/\/www.almargenweb.com.ar\/web\/wp-json\/wp\/v2\/posts\/30312","targetHints":{"allow":["GET"]}}],"collection":[{"href":"https:\/\/www.almargenweb.com.ar\/web\/wp-json\/wp\/v2\/posts"}],"about":[{"href":"https:\/\/www.almargenweb.com.ar\/web\/wp-json\/wp\/v2\/types\/post"}],"author":[{"embeddable":true,"href":"https:\/\/www.almargenweb.com.ar\/web\/wp-json\/wp\/v2\/users\/16"}],"replies":[{"embeddable":true,"href":"https:\/\/www.almargenweb.com.ar\/web\/wp-json\/wp\/v2\/comments?post=30312"}],"version-history":[{"count":1,"href":"https:\/\/www.almargenweb.com.ar\/web\/wp-json\/wp\/v2\/posts\/30312\/revisions"}],"predecessor-version":[{"id":30315,"href":"https:\/\/www.almargenweb.com.ar\/web\/wp-json\/wp\/v2\/posts\/30312\/revisions\/30315"}],"wp:featuredmedia":[{"embeddable":true,"href":"https:\/\/www.almargenweb.com.ar\/web\/wp-json\/wp\/v2\/media\/30313"}],"wp:attachment":[{"href":"https:\/\/www.almargenweb.com.ar\/web\/wp-json\/wp\/v2\/media?parent=30312"}],"wp:term":[{"taxonomy":"category","embeddable":true,"href":"https:\/\/www.almargenweb.com.ar\/web\/wp-json\/wp\/v2\/categories?post=30312"},{"taxonomy":"post_tag","embeddable":true,"href":"https:\/\/www.almargenweb.com.ar\/web\/wp-json\/wp\/v2\/tags?post=30312"}],"curies":[{"name":"wp","href":"https:\/\/api.w.org\/{rel}","templated":true}]}}