{"id":30302,"date":"2020-11-03T15:24:49","date_gmt":"2020-11-03T18:24:49","guid":{"rendered":"http:\/\/www.almargenweb.com.ar\/web\/?p=30302"},"modified":"2020-11-03T15:25:12","modified_gmt":"2020-11-03T18:25:12","slug":"san-jeronimo-del-sauce-premiaron-proyecto-que-potencia-a-la-casa-de-la-cultura","status":"publish","type":"post","link":"https:\/\/www.almargenweb.com.ar\/web\/san-jeronimo-del-sauce-premiaron-proyecto-que-potencia-a-la-casa-de-la-cultura\/","title":{"rendered":"San Jer\u00f3nimo del Sauce; premiaron proyecto que potencia a la Casa de la Cultura."},"content":{"rendered":"\n<p>Maria Ester Mansilla, fue premiada por su proyecto \u201cUn espacio para conocer, reconocer, valorar y potenciar, la Casa de la Cultura de San Jer\u00f3nimo del Sauce.<\/p>\n\n\n\n<p>Este proyecto esta destinado a redescubrir la casa De la Cultura como un nuevo espacio donde disfrutar de la cultura y arte zonal. Un lugar en el que todas las expresiones art\u00edsticas encuentran su espacio y valoraci\u00f3n , sabiendo que les pertenece a todos los vecinos de San Jer\u00f3nimo del Sauce.<\/p>\n\n\n\n<figure class=\"wp-block-image size-large\"><img loading=\"lazy\" decoding=\"async\" width=\"750\" height=\"500\" src=\"https:\/\/www.almargenweb.com.ar\/web\/wp-content\/uploads\/2020\/11\/158867625801005.jpg\" alt=\"\" class=\"wp-image-30303\" srcset=\"https:\/\/www.almargenweb.com.ar\/web\/wp-content\/uploads\/2020\/11\/158867625801005.jpg 750w, https:\/\/www.almargenweb.com.ar\/web\/wp-content\/uploads\/2020\/11\/158867625801005-300x200.jpg 300w\" sizes=\"auto, (max-width: 750px) 100vw, 750px\" \/><figcaption>Casa de la Cultura, el aparte econ\u00f3mico servir\u00e1 en la adquisici\u00f3n de equipos de refrigeraci\u00f3n.<\/figcaption><\/figure>\n\n\n\n<p>En este sentido, el aporte econ\u00f3mico que brinda este reconocimiento, sumado al aporte comunal, servir\u00e1n para la compra de un aire acondicionado destinado a una de las salas de ensayo de los talleres culturales.<\/p>\n<!-- AddThis Advanced Settings generic via filter on the_content --><!-- AddThis Share Buttons generic via filter on the_content -->","protected":false},"excerpt":{"rendered":"<p>Maria Ester Mansilla, fue premiada por su proyecto \u201cUn espacio para conocer, reconocer, valorar y potenciar, [&hellip;]<!-- AddThis Advanced Settings generic via filter on get_the_excerpt --><!-- AddThis Share Buttons generic via filter on get_the_excerpt --><\/p>\n","protected":false},"author":16,"featured_media":30304,"comment_status":"open","ping_status":"open","sticky":false,"template":"","format":"standard","meta":{"_seopress_robots_primary_cat":"","_seopress_titles_title":"","_seopress_titles_desc":"","_seopress_robots_index":"","_themeisle_gutenberg_block_has_review":false,"footnotes":""},"categories":[2,3,20,21],"tags":[],"class_list":["post-30302","post","type-post","status-publish","format-standard","has-post-thumbnail","hentry","category-actualidad","category-cultura","category-departamentales","category-las-colonias"],"_links":{"self":[{"href":"https:\/\/www.almargenweb.com.ar\/web\/wp-json\/wp\/v2\/posts\/30302","targetHints":{"allow":["GET"]}}],"collection":[{"href":"https:\/\/www.almargenweb.com.ar\/web\/wp-json\/wp\/v2\/posts"}],"about":[{"href":"https:\/\/www.almargenweb.com.ar\/web\/wp-json\/wp\/v2\/types\/post"}],"author":[{"embeddable":true,"href":"https:\/\/www.almargenweb.com.ar\/web\/wp-json\/wp\/v2\/users\/16"}],"replies":[{"embeddable":true,"href":"https:\/\/www.almargenweb.com.ar\/web\/wp-json\/wp\/v2\/comments?post=30302"}],"version-history":[{"count":2,"href":"https:\/\/www.almargenweb.com.ar\/web\/wp-json\/wp\/v2\/posts\/30302\/revisions"}],"predecessor-version":[{"id":30306,"href":"https:\/\/www.almargenweb.com.ar\/web\/wp-json\/wp\/v2\/posts\/30302\/revisions\/30306"}],"wp:featuredmedia":[{"embeddable":true,"href":"https:\/\/www.almargenweb.com.ar\/web\/wp-json\/wp\/v2\/media\/30304"}],"wp:attachment":[{"href":"https:\/\/www.almargenweb.com.ar\/web\/wp-json\/wp\/v2\/media?parent=30302"}],"wp:term":[{"taxonomy":"category","embeddable":true,"href":"https:\/\/www.almargenweb.com.ar\/web\/wp-json\/wp\/v2\/categories?post=30302"},{"taxonomy":"post_tag","embeddable":true,"href":"https:\/\/www.almargenweb.com.ar\/web\/wp-json\/wp\/v2\/tags?post=30302"}],"curies":[{"name":"wp","href":"https:\/\/api.w.org\/{rel}","templated":true}]}}