{"id":30291,"date":"2020-11-03T10:18:55","date_gmt":"2020-11-03T13:18:55","guid":{"rendered":"http:\/\/www.almargenweb.com.ar\/web\/?p=30291"},"modified":"2020-11-03T10:33:14","modified_gmt":"2020-11-03T13:33:14","slug":"san-carlos-sud-importante-inversion-en-carteleria-vial","status":"publish","type":"post","link":"https:\/\/www.almargenweb.com.ar\/web\/san-carlos-sud-importante-inversion-en-carteleria-vial\/","title":{"rendered":"San Carlos Sud: Importante inversi\u00f3n en carteler\u00eda vial"},"content":{"rendered":"\n<p>La comuna de San carlos Sud, bajo la gesti\u00f3n del se\u00f1or Santiago Walker, se encuentra en la reparaci\u00f3n y reemplazo de la carteler\u00eda vial de la localidad.<\/p>\n\n\n\n<p>Es importante remarcar, que esta importante actividad, es \u201cllevada a cabo con recursos propios, recursos comunales, puestos al servicio del vecino\u201d<\/p>\n\n\n\n<figure class=\"wp-block-image size-large\"><img loading=\"lazy\" decoding=\"async\" width=\"1024\" height=\"497\" src=\"https:\/\/www.almargenweb.com.ar\/web\/wp-content\/uploads\/2020\/11\/multimedia.normal.86d2b779b9baf54f.30333131323032302d63617274656c65735f6e6f726d616c2e6a7067-1024x497.jpg\" alt=\"\" class=\"wp-image-30293\" srcset=\"https:\/\/www.almargenweb.com.ar\/web\/wp-content\/uploads\/2020\/11\/multimedia.normal.86d2b779b9baf54f.30333131323032302d63617274656c65735f6e6f726d616c2e6a7067-1024x497.jpg 1024w, https:\/\/www.almargenweb.com.ar\/web\/wp-content\/uploads\/2020\/11\/multimedia.normal.86d2b779b9baf54f.30333131323032302d63617274656c65735f6e6f726d616c2e6a7067-300x146.jpg 300w, https:\/\/www.almargenweb.com.ar\/web\/wp-content\/uploads\/2020\/11\/multimedia.normal.86d2b779b9baf54f.30333131323032302d63617274656c65735f6e6f726d616c2e6a7067-768x373.jpg 768w, https:\/\/www.almargenweb.com.ar\/web\/wp-content\/uploads\/2020\/11\/multimedia.normal.86d2b779b9baf54f.30333131323032302d63617274656c65735f6e6f726d616c2e6a7067.jpg 1100w\" sizes=\"auto, (max-width: 1024px) 100vw, 1024px\" \/><figcaption>Nueva carteler\u00eda vial en San Carlos Sud.<\/figcaption><\/figure>\n\n\n\n<p>El reemplazo de la carteler\u00eda vial, en distintos sectores de la localidad, se enmarca dentro de el programa comunal de ordenamiento del tr\u00e1nsito, con el objetivo de una convivencia solidaria y respetuosa de todos los vecinos.<\/p>\n<!-- AddThis Advanced Settings generic via filter on the_content --><!-- AddThis Share Buttons generic via filter on the_content -->","protected":false},"excerpt":{"rendered":"<p>La comuna de San carlos Sud, bajo la gesti\u00f3n del se\u00f1or Santiago Walker, se encuentra en [&hellip;]<!-- AddThis Advanced Settings generic via filter on get_the_excerpt --><!-- AddThis Share Buttons generic via filter on get_the_excerpt --><\/p>\n","protected":false},"author":16,"featured_media":30292,"comment_status":"open","ping_status":"open","sticky":false,"template":"","format":"standard","meta":{"_seopress_robots_primary_cat":"","_seopress_titles_title":"","_seopress_titles_desc":"","_seopress_robots_index":"","_themeisle_gutenberg_block_has_review":false,"footnotes":""},"categories":[2,21],"tags":[],"class_list":["post-30291","post","type-post","status-publish","format-standard","has-post-thumbnail","hentry","category-actualidad","category-las-colonias"],"_links":{"self":[{"href":"https:\/\/www.almargenweb.com.ar\/web\/wp-json\/wp\/v2\/posts\/30291","targetHints":{"allow":["GET"]}}],"collection":[{"href":"https:\/\/www.almargenweb.com.ar\/web\/wp-json\/wp\/v2\/posts"}],"about":[{"href":"https:\/\/www.almargenweb.com.ar\/web\/wp-json\/wp\/v2\/types\/post"}],"author":[{"embeddable":true,"href":"https:\/\/www.almargenweb.com.ar\/web\/wp-json\/wp\/v2\/users\/16"}],"replies":[{"embeddable":true,"href":"https:\/\/www.almargenweb.com.ar\/web\/wp-json\/wp\/v2\/comments?post=30291"}],"version-history":[{"count":2,"href":"https:\/\/www.almargenweb.com.ar\/web\/wp-json\/wp\/v2\/posts\/30291\/revisions"}],"predecessor-version":[{"id":30295,"href":"https:\/\/www.almargenweb.com.ar\/web\/wp-json\/wp\/v2\/posts\/30291\/revisions\/30295"}],"wp:featuredmedia":[{"embeddable":true,"href":"https:\/\/www.almargenweb.com.ar\/web\/wp-json\/wp\/v2\/media\/30292"}],"wp:attachment":[{"href":"https:\/\/www.almargenweb.com.ar\/web\/wp-json\/wp\/v2\/media?parent=30291"}],"wp:term":[{"taxonomy":"category","embeddable":true,"href":"https:\/\/www.almargenweb.com.ar\/web\/wp-json\/wp\/v2\/categories?post=30291"},{"taxonomy":"post_tag","embeddable":true,"href":"https:\/\/www.almargenweb.com.ar\/web\/wp-json\/wp\/v2\/tags?post=30291"}],"curies":[{"name":"wp","href":"https:\/\/api.w.org\/{rel}","templated":true}]}}