{"id":30259,"date":"2020-11-02T11:09:12","date_gmt":"2020-11-02T14:09:12","guid":{"rendered":"http:\/\/www.almargenweb.com.ar\/web\/?p=30259"},"modified":"2020-11-02T11:09:13","modified_gmt":"2020-11-02T14:09:13","slug":"progreso-levanta-barricadas-y-continua-con-el-protocolo-epidemiologico","status":"publish","type":"post","link":"https:\/\/www.almargenweb.com.ar\/web\/progreso-levanta-barricadas-y-continua-con-el-protocolo-epidemiologico\/","title":{"rendered":"Progreso levanta barricadas y continua con el protocolo epidemiol\u00f3gico."},"content":{"rendered":"\n<p>Apelando a la responsabilidad individual, civil y solidaridad hacia los otros miembros de la comunidad, la Comuna de Progreso procedi\u00f3 a la apertura de los ingresos de la localidad.<\/p>\n\n\n\n<p>\u201cEs importante continuar con las medidas de prevenci\u00f3n y mantener la distancia social durante la realizaci\u00f3n de las actividades permitidas\u201d detallaron desde la comuna.<\/p>\n\n\n\n<p>A partir de este lunes, todos los ingresos a la localidad ser\u00e1n librados de las barricadas que los bloqueaban desde marzo pasado, cuando desde el gobierno nacional se decidi\u00f3 la cuarentena y confinamiento de las personas.<\/p>\n\n\n\n<figure class=\"wp-block-image size-large\"><img loading=\"lazy\" decoding=\"async\" width=\"1024\" height=\"576\" src=\"https:\/\/www.almargenweb.com.ar\/web\/wp-content\/uploads\/2020\/11\/123063768_1346155679049605_8710325711377314614_o-1024x576.jpg\" alt=\"\" class=\"wp-image-30261\" srcset=\"https:\/\/www.almargenweb.com.ar\/web\/wp-content\/uploads\/2020\/11\/123063768_1346155679049605_8710325711377314614_o-1024x576.jpg 1024w, https:\/\/www.almargenweb.com.ar\/web\/wp-content\/uploads\/2020\/11\/123063768_1346155679049605_8710325711377314614_o-300x169.jpg 300w, https:\/\/www.almargenweb.com.ar\/web\/wp-content\/uploads\/2020\/11\/123063768_1346155679049605_8710325711377314614_o-768x432.jpg 768w, https:\/\/www.almargenweb.com.ar\/web\/wp-content\/uploads\/2020\/11\/123063768_1346155679049605_8710325711377314614_o.jpg 1040w\" sizes=\"auto, (max-width: 1024px) 100vw, 1024px\" \/><figcaption>Momento en el que un operario levanta las barricadas que imped\u00edan el ingreso a la localidad, desde marzo.<\/figcaption><\/figure>\n\n\n\n<p>\u201cLa situaci\u00f3n epidemiol\u00f3gica es din\u00e1mica y requiere de un trabajo entre todos para minimizar las consecuencias de la pandemia\u201d agregaron los funcionarios comunales.<\/p>\n\n\n\n<p>Luego de esta decisi\u00f3n, la comunidad de Progreso tiene un peso extra la frase &#8220;Nos cuidamos entre todos&#8221;.<\/p>\n<!-- AddThis Advanced Settings generic via filter on the_content --><!-- AddThis Share Buttons generic via filter on the_content -->","protected":false},"excerpt":{"rendered":"<p>Apelando a la responsabilidad individual, civil y solidaridad hacia los otros miembros de la comunidad, la [&hellip;]<!-- AddThis Advanced Settings generic via filter on get_the_excerpt --><!-- AddThis Share Buttons generic via filter on get_the_excerpt --><\/p>\n","protected":false},"author":16,"featured_media":30260,"comment_status":"open","ping_status":"open","sticky":false,"template":"","format":"standard","meta":{"_seopress_robots_primary_cat":"","_seopress_titles_title":"","_seopress_titles_desc":"","_seopress_robots_index":"","_themeisle_gutenberg_block_has_review":false,"footnotes":""},"categories":[2,21,15],"tags":[],"class_list":["post-30259","post","type-post","status-publish","format-standard","has-post-thumbnail","hentry","category-actualidad","category-las-colonias","category-salud"],"_links":{"self":[{"href":"https:\/\/www.almargenweb.com.ar\/web\/wp-json\/wp\/v2\/posts\/30259","targetHints":{"allow":["GET"]}}],"collection":[{"href":"https:\/\/www.almargenweb.com.ar\/web\/wp-json\/wp\/v2\/posts"}],"about":[{"href":"https:\/\/www.almargenweb.com.ar\/web\/wp-json\/wp\/v2\/types\/post"}],"author":[{"embeddable":true,"href":"https:\/\/www.almargenweb.com.ar\/web\/wp-json\/wp\/v2\/users\/16"}],"replies":[{"embeddable":true,"href":"https:\/\/www.almargenweb.com.ar\/web\/wp-json\/wp\/v2\/comments?post=30259"}],"version-history":[{"count":1,"href":"https:\/\/www.almargenweb.com.ar\/web\/wp-json\/wp\/v2\/posts\/30259\/revisions"}],"predecessor-version":[{"id":30262,"href":"https:\/\/www.almargenweb.com.ar\/web\/wp-json\/wp\/v2\/posts\/30259\/revisions\/30262"}],"wp:featuredmedia":[{"embeddable":true,"href":"https:\/\/www.almargenweb.com.ar\/web\/wp-json\/wp\/v2\/media\/30260"}],"wp:attachment":[{"href":"https:\/\/www.almargenweb.com.ar\/web\/wp-json\/wp\/v2\/media?parent=30259"}],"wp:term":[{"taxonomy":"category","embeddable":true,"href":"https:\/\/www.almargenweb.com.ar\/web\/wp-json\/wp\/v2\/categories?post=30259"},{"taxonomy":"post_tag","embeddable":true,"href":"https:\/\/www.almargenweb.com.ar\/web\/wp-json\/wp\/v2\/tags?post=30259"}],"curies":[{"name":"wp","href":"https:\/\/api.w.org\/{rel}","templated":true}]}}