{"id":30243,"date":"2020-11-01T11:20:59","date_gmt":"2020-11-01T14:20:59","guid":{"rendered":"http:\/\/www.almargenweb.com.ar\/web\/?p=30243"},"modified":"2020-11-01T11:21:01","modified_gmt":"2020-11-01T14:21:01","slug":"fundacion-ramseyer-dayer-12-anos-gestionando-cultura","status":"publish","type":"post","link":"https:\/\/www.almargenweb.com.ar\/web\/fundacion-ramseyer-dayer-12-anos-gestionando-cultura\/","title":{"rendered":"Fundaci\u00f3n Ramseyer Dayer; 12 a\u00f1os gestionando cultura."},"content":{"rendered":"\n<p>La Fundaci\u00f3n Ramseyer Dayer es una instituci\u00f3n privada constituida en junio de 2008, con sede en Esperanza. <\/p>\n\n\n\n<p>Es el homenaje que In\u00e9s Ramseyer Dayer ha querido brindar a sus padres, Angela Dayer y Ernesto Ramseyer, y a la ciudad que la form\u00f3, instalando en la casa familiar un espacio innovador y din\u00e1mico que trabaja en pos de la promoci\u00f3n del arte, y donde la libertad y excelencia son su horizonte.<\/p>\n\n\n\n<p>Con motivo de su decimo segundo aniversario, la fundacion preparo un video en el que su representante, Mariana Imhof, explica las diferentes etapas de esta casa de cultura e invita a disfrutar de las diferentes disciplinas de arte. <\/p>\n\n\n\n<figure class=\"wp-block-embed-youtube wp-block-embed is-type-video is-provider-youtube wp-embed-aspect-16-9 wp-has-aspect-ratio\"><div class=\"wp-block-embed__wrapper\">\n<iframe loading=\"lazy\" title=\"12\u00ba Aniversario de Fundaci\u00f3n Ramseyer Dayer\" width=\"640\" height=\"360\" src=\"https:\/\/www.youtube.com\/embed\/QcvAqyPavsY?feature=oembed\" frameborder=\"0\" allow=\"accelerometer; autoplay; clipboard-write; encrypted-media; gyroscope; picture-in-picture; web-share\" referrerpolicy=\"strict-origin-when-cross-origin\" allowfullscreen><\/iframe>\n<\/div><figcaption>Aniversario Fundacion Ramseyer Dayer.<\/figcaption><\/figure>\n\n\n\n<p>In\u00e9s Ramseyer Dayer, presidenta de la fundaci\u00f3n, reflexiono sobre el &#8220;extra\u00f1o momento que atraviesa, no solo nuestro nuestro pa\u00eds, sino el mundo entero&#8221; y como se &#8220;vincula el arte en este momento&#8221;.<\/p>\n\n\n\n<p>La fundaci\u00f3n prepara diferentes disciplinas virtuales, las que se pueden disfrutar desde su canal de toutube o entrando a su pagina web oficial www.fundacionrd.com.ar  <\/p>\n<!-- AddThis Advanced Settings generic via filter on the_content --><!-- AddThis Share Buttons generic via filter on the_content -->","protected":false},"excerpt":{"rendered":"<p>La Fundaci\u00f3n Ramseyer Dayer es una instituci\u00f3n privada constituida en junio de 2008, con sede en [&hellip;]<!-- AddThis Advanced Settings generic via filter on get_the_excerpt --><!-- AddThis Share Buttons generic via filter on get_the_excerpt --><\/p>\n","protected":false},"author":16,"featured_media":30244,"comment_status":"open","ping_status":"open","sticky":false,"template":"","format":"standard","meta":{"_seopress_robots_primary_cat":"","_seopress_titles_title":"","_seopress_titles_desc":"","_seopress_robots_index":"","_themeisle_gutenberg_block_has_review":false,"footnotes":""},"categories":[2,3,47],"tags":[],"class_list":["post-30243","post","type-post","status-publish","format-standard","has-post-thumbnail","hentry","category-actualidad","category-cultura","category-locales"],"_links":{"self":[{"href":"https:\/\/www.almargenweb.com.ar\/web\/wp-json\/wp\/v2\/posts\/30243","targetHints":{"allow":["GET"]}}],"collection":[{"href":"https:\/\/www.almargenweb.com.ar\/web\/wp-json\/wp\/v2\/posts"}],"about":[{"href":"https:\/\/www.almargenweb.com.ar\/web\/wp-json\/wp\/v2\/types\/post"}],"author":[{"embeddable":true,"href":"https:\/\/www.almargenweb.com.ar\/web\/wp-json\/wp\/v2\/users\/16"}],"replies":[{"embeddable":true,"href":"https:\/\/www.almargenweb.com.ar\/web\/wp-json\/wp\/v2\/comments?post=30243"}],"version-history":[{"count":1,"href":"https:\/\/www.almargenweb.com.ar\/web\/wp-json\/wp\/v2\/posts\/30243\/revisions"}],"predecessor-version":[{"id":30245,"href":"https:\/\/www.almargenweb.com.ar\/web\/wp-json\/wp\/v2\/posts\/30243\/revisions\/30245"}],"wp:featuredmedia":[{"embeddable":true,"href":"https:\/\/www.almargenweb.com.ar\/web\/wp-json\/wp\/v2\/media\/30244"}],"wp:attachment":[{"href":"https:\/\/www.almargenweb.com.ar\/web\/wp-json\/wp\/v2\/media?parent=30243"}],"wp:term":[{"taxonomy":"category","embeddable":true,"href":"https:\/\/www.almargenweb.com.ar\/web\/wp-json\/wp\/v2\/categories?post=30243"},{"taxonomy":"post_tag","embeddable":true,"href":"https:\/\/www.almargenweb.com.ar\/web\/wp-json\/wp\/v2\/tags?post=30243"}],"curies":[{"name":"wp","href":"https:\/\/api.w.org\/{rel}","templated":true}]}}