{"id":30234,"date":"2020-10-31T10:15:00","date_gmt":"2020-10-31T13:15:00","guid":{"rendered":"http:\/\/www.almargenweb.com.ar\/web\/?p=30234"},"modified":"2020-10-30T15:42:09","modified_gmt":"2020-10-30T18:42:09","slug":"san-carlos-sud-se-concluyo-la-primera-etapa-de-la-ciclovia","status":"publish","type":"post","link":"https:\/\/www.almargenweb.com.ar\/web\/san-carlos-sud-se-concluyo-la-primera-etapa-de-la-ciclovia\/","title":{"rendered":"San Carlos Sud: Se concluy\u00f3 la primera etapa de la ciclov\u00eda."},"content":{"rendered":"\n<p>Con ritmo activo de trabajo, la comuna de San Carlos Sud, lleva adelante una importante obra para su comunidad.<\/p>\n\n\n\n<p>Se concluy\u00f3 la primera etapa de construcci\u00f3n de 100 metros de la  ciclov\u00eda. restando culminar con detalles de embellecimiento en este sector de la obra que se encuentra frente al Circuito \u201cJuan Betique\u201d perteneciente al Club Deportivo Uni\u00f3n Progresista, en un trabajo en conjunto con dicha instituci\u00f3n en este tramo.<\/p>\n\n\n\n<figure class=\"wp-block-image size-large\"><img loading=\"lazy\" decoding=\"async\" width=\"750\" height=\"500\" src=\"https:\/\/www.almargenweb.com.ar\/web\/wp-content\/uploads\/2020\/10\/ciclo1-750x500-1.jpg\" alt=\"\" class=\"wp-image-30236\" srcset=\"https:\/\/www.almargenweb.com.ar\/web\/wp-content\/uploads\/2020\/10\/ciclo1-750x500-1.jpg 750w, https:\/\/www.almargenweb.com.ar\/web\/wp-content\/uploads\/2020\/10\/ciclo1-750x500-1-300x200.jpg 300w\" sizes=\"auto, (max-width: 750px) 100vw, 750px\" \/><figcaption>La ciclovia se encuentra a la vera de la ruta N6, con una extensi\u00f3n de 1000 mts.<\/figcaption><\/figure>\n\n\n\n<p>Con esta obra se busca mejorar la calidad y seguridad del ciclista que se desplaza a las afueras de la localidad, para concurrir al cementerio comunal o la empresa Desinmec Ingenier\u00eda S.A.<\/p>\n\n\n\n<p>Recordamos que la ciclov\u00eda se ubica a la vera de la Ruta Provincial N\u00b0 6 lado oeste, en el ingreso sur a San Carlos Sud, pasando frente al Circuito de Motos \u201cJuan Betique\u201d del Club Deportivo Uni\u00f3n Progresista, y al Cementerio Comunal, llegando hasta Desinmec Ingenieria S.A. con una extensi\u00f3n aproximada de 1000 metros.<\/p>\n<!-- AddThis Advanced Settings generic via filter on the_content --><!-- AddThis Share Buttons generic via filter on the_content -->","protected":false},"excerpt":{"rendered":"<p>Con ritmo activo de trabajo, la comuna de San Carlos Sud, lleva adelante una importante obra [&hellip;]<!-- AddThis Advanced Settings generic via filter on get_the_excerpt --><!-- AddThis Share Buttons generic via filter on get_the_excerpt --><\/p>\n","protected":false},"author":16,"featured_media":30235,"comment_status":"open","ping_status":"open","sticky":false,"template":"","format":"standard","meta":{"_seopress_robots_primary_cat":"","_seopress_titles_title":"","_seopress_titles_desc":"","_seopress_robots_index":"","_themeisle_gutenberg_block_has_review":false,"footnotes":""},"categories":[2,21,24],"tags":[],"class_list":["post-30234","post","type-post","status-publish","format-standard","has-post-thumbnail","hentry","category-actualidad","category-las-colonias","category-obras-publicas"],"_links":{"self":[{"href":"https:\/\/www.almargenweb.com.ar\/web\/wp-json\/wp\/v2\/posts\/30234","targetHints":{"allow":["GET"]}}],"collection":[{"href":"https:\/\/www.almargenweb.com.ar\/web\/wp-json\/wp\/v2\/posts"}],"about":[{"href":"https:\/\/www.almargenweb.com.ar\/web\/wp-json\/wp\/v2\/types\/post"}],"author":[{"embeddable":true,"href":"https:\/\/www.almargenweb.com.ar\/web\/wp-json\/wp\/v2\/users\/16"}],"replies":[{"embeddable":true,"href":"https:\/\/www.almargenweb.com.ar\/web\/wp-json\/wp\/v2\/comments?post=30234"}],"version-history":[{"count":1,"href":"https:\/\/www.almargenweb.com.ar\/web\/wp-json\/wp\/v2\/posts\/30234\/revisions"}],"predecessor-version":[{"id":30237,"href":"https:\/\/www.almargenweb.com.ar\/web\/wp-json\/wp\/v2\/posts\/30234\/revisions\/30237"}],"wp:featuredmedia":[{"embeddable":true,"href":"https:\/\/www.almargenweb.com.ar\/web\/wp-json\/wp\/v2\/media\/30235"}],"wp:attachment":[{"href":"https:\/\/www.almargenweb.com.ar\/web\/wp-json\/wp\/v2\/media?parent=30234"}],"wp:term":[{"taxonomy":"category","embeddable":true,"href":"https:\/\/www.almargenweb.com.ar\/web\/wp-json\/wp\/v2\/categories?post=30234"},{"taxonomy":"post_tag","embeddable":true,"href":"https:\/\/www.almargenweb.com.ar\/web\/wp-json\/wp\/v2\/tags?post=30234"}],"curies":[{"name":"wp","href":"https:\/\/api.w.org\/{rel}","templated":true}]}}